{"id":225728,"date":"2020-01-15T08:34:06","date_gmt":"2020-01-15T11:34:06","guid":{"rendered":"https:\/\/triciclo.eco.br\/?p=225728"},"modified":"2020-02-26T16:37:53","modified_gmt":"2020-02-26T19:37:53","slug":"triciclo-inicia-operacao-cuiaba-recicla-projeto-com-apoio-da-prefeitura-de-cuiaba","status":"publish","type":"post","link":"https:\/\/triciclo.eco.br\/en\/triciclo-inicia-operacao-cuiaba-recicla-projeto-com-apoio-da-prefeitura-de-cuiaba\/","title":{"rendered":"Triciclo inicia opera\u00e7\u00e3o \u201cCuiab\u00e1 Recicla\u201d: projeto com apoio da Prefeitura de Cuiab\u00e1"},"content":{"rendered":"<h2 style=\"text-align: center;\"><strong>Utilizando tecnologia Triciclo, a Cidade de Cuiab\u00e1\/MT passa a ser a primeira da Am\u00e9rica Latina a utilizar m\u00e1quinas de venda reversa em larga escala.<\/strong><\/h2>\n<p>&nbsp;<\/p>\n<h4 style=\"text-align: center;\"><em>Atrav\u00e9s da parceria com a Triciclo, v\u00e1rios pontos da cidade passam a contar com a Retorna Machine para reciclagem de res\u00edduos e oferta de benef\u00edcios.<\/em><\/h4>\n<p>&nbsp;<\/p>\n<p><strong>S\u00e3o Paulo, janeiro de 2020 <\/strong>\u2013 Contando com o apoio tecnol\u00f3gico e log\u00edstico da Triciclo, o munic\u00edpio de Cuiab\u00e1\/MT passa a ser a primeira cidade da Am\u00e9rica Latina a utilizar m\u00e1quinas de venda reversa em larga escala, como instrumento p\u00fablico de pol\u00edtica social, educacional, econ\u00f4mica e ambiental.<\/p>\n<p>Intitulado de \u201cPrograma Cuiab\u00e1 Recicla\u201d, a iniciativa \u00e9 uma a\u00e7\u00e3o da Prefeitura de Cuiab\u00e1\/MT, e consiste na instala\u00e7\u00e3o das Retorna Machines (localmente batizadas de \u201cCuiab\u00e1 Recicla\u201d) em locais p\u00fablicos e privados de grande movimenta\u00e7\u00e3o, com a finalidade de recolher embalagens p\u00f3s-consumo (material PET, alum\u00ednio, a\u00e7o e longa vida), identificando o depositante e concedendo-lhe benef\u00edcios sociais.<\/p>\n<p>O sistema funciona como um programa de fidelidade. Pode o cidad\u00e3o interessado criar, de maneira f\u00e1cil e gratuita, uma conta digital atrav\u00e9s da Cuiab\u00e1 Recicla, pelo site ou pelo aplicativo \u201cRetorna Machine\u201d, dispon\u00edvel para IOS e Android.<\/p>\n<p>Com o dep\u00f3sito de embalagens no compartimento da m\u00e1quina, o usu\u00e1rio adquire pontos triciclo, os quais podem ser convertidos em diversos benef\u00edcios, como cr\u00e9dito no Cart\u00e3o MTU, pontos no programa da livraria Saraiva (SaraivaPlus), recarga de telefone pr\u00e9-pago. Tamb\u00e9m \u00e9 poss\u00edvel doar os pontos para Institui\u00e7\u00f5es Filantr\u00f3picas, como o Instituto Maria de Nazar\u00e9.<br \/>\n\u201cO funcionamento \u00e9 bem simples. Cada material equivale a uma pontua\u00e7\u00e3o. Ou seja, alum\u00ednio vale 15 pontos, a\u00e7o 10 pontos, PET 10 pontos e tetrapak 05 pontos. Ent\u00e3o, cada vez que o cidad\u00e3o fizer esse descarte, esses pontos v\u00e3o direto para sua conta cadastrada. \u00c9 importante refor\u00e7ar que a m\u00e1quina s\u00f3 aceita embalagem com c\u00f3digo de barras\u201d, explica o gestor de Sustentabilidade da Prefeitura de Cuiab\u00e1\/MT, Alex Vieira.<\/p>\n<p>Neste primeiro momento, s\u00e3o 08 os pontos dispon\u00edveis na Capital do Estado. A a\u00e7\u00e3o ainda refor\u00e7a o compromisso do munic\u00edpio de inclus\u00e3o dos catadores, j\u00e1 que todo o material recolhido ser\u00e1 destinado \u00e0s cooperativas parceiras da Prefeitura.<\/p>\n<p>\u201cEssa \u00e9 mais uma iniciativa inovadora dentro da \u00e1rea de sustentabilidade que lan\u00e7amos. A Prefeitura de Cuiab\u00e1 sai mais uma vez na frente, tornando-se o primeiro \u00f3rg\u00e3o p\u00fablico de uma capital brasileira a implantar essa atividade. \u00c9 uma a\u00e7\u00e3o que vem para consolidar a nossa gest\u00e3o sustent\u00e1vel. Por isso, n\u00e3o vamos parar nessas oito m\u00e1quinas. At\u00e9 o fim de fevereiro vamos instalar mais sete e, ao fim de 2020, queremos chegar a 31\u201d, destaca o prefeito Emanuel Pinheiro.<\/p>\n<p>Para Felipe Cury, diretor executivo da Triciclo, a a\u00e7\u00e3o est\u00e1 em conson\u00e2ncia com a Pol\u00edtica Nacional de Res\u00edduos S\u00f3lidos (Lei 12.305\/2010): \u201co Cuiab\u00e1 Recicla vem a ser um instrumento eficaz de retorno das embalagens p\u00f3s-consumo, acess\u00edvel por toda a popula\u00e7\u00e3o e gerando interesse ao consumidor final, a quem \u00e9 garantido benef\u00edcios, conceito este que se coaduna com a miss\u00e3o do governo de \u2018instituir incentivos econ\u00f4micos aos consumidores que participam do sistema de coleta de res\u00edduos\u2019, previsto na PNRS\u201d.<\/p>\n<p>E acrescenta: \u201ca Retorna Machine \u00e9 capaz de armazenar dados precisos e completos, em tempo real, sobre todas as embalagens recolhidas. Atrav\u00e9s dela, sabe-se, precisamente, quem s\u00e3o os fabricantes, importadores, distribuidores e comerciantes respons\u00e1veis pelas embalagens nela inseridas, de modo que, caso venha a ser empregada em larga escala, pode vir a ser o instrumento de controle necess\u00e1rio ao cumprimento das obriga\u00e7\u00f5es do governo p\u00fablico de ressarcimento de custos e de fiscaliza\u00e7\u00e3o geral do setor privado e, ainda, de fornecimento de dados de controle social \u00e0 que t\u00eam direito os cidad\u00e3os, conforme princ\u00edpio da PNRS e o sistema de monitoramento exigido pelo Acordo Setorial\u201d.<\/p>\n<p><strong>Servi\u00e7o em Cuiab\u00e1\/MT:<\/strong><br \/>\nOs equipamentos funcionar\u00e3o todos os dias, das 07:00h \u00e0s 23:00h, nos seguintes locais:<br \/>\n&#8211; Escola Municipal de Ensino B\u00e1sico (EMEB) Ranulpho Paes de Barros: R. Dep. C\u00e9lso Mendes Quintela &#8211; Santa Isabel;<br \/>\n&#8211; Shopping Popular: Av. Manoel Jos\u00e9 de Arruda, Bloco 207;<br \/>\n&#8211; Central de Abastecimento de Cuiab\u00e1 (CAC): R. B, 1340 &#8211; Distrito Industrial;<br \/>\n&#8211; Parque das \u00c1guas: Av. Hermina Torquarto da Silva &#8211; Centro Pol\u00edtico Administrativo;<br \/>\n&#8211; Parque Tia Nair: Av. \u00c9rico Prezza, s\/n &#8211; Jardim It\u00e1lia;<br \/>\n&#8211; Parque da Fam\u00edlia: Av. Ver. Juliano da Costa Marques &#8211; Terra Nova;<br \/>\n&#8211; Mercado Varejista Ant\u00f4nio Mois\u00e9s Nadaf (Mercado do Porto): Av. Oito de Abril, 143 \u2013 Porto;<br \/>\n&#8211; Esta\u00e7\u00e3o Alencastro: Centro Norte<\/p>","protected":false},"excerpt":{"rendered":"<p>Utilizando tecnologia Triciclo, a Cidade de Cuiab\u00e1\/MT passa a ser a primeira da Am\u00e9rica Latina a utilizar m\u00e1quinas de venda reversa em larga escala. &nbsp; Atrav\u00e9s da parceria com a Triciclo, v\u00e1rios pontos da cidade passam a contar com a Retorna Machine para reciclagem de res\u00edduos e oferta de benef\u00edcios. &nbsp; S\u00e3o Paulo, janeiro de [&hellip;]<\/p>\n","protected":false},"author":2,"featured_media":225729,"comment_status":"open","ping_status":"closed","sticky":false,"template":"","format":"standard","meta":{"_et_pb_use_builder":"","_et_pb_old_content":"","_et_gb_content_width":"","_jetpack_newsletter_access":"","_jetpack_dont_email_post_to_subs":false,"_jetpack_newsletter_tier_id":0,"_jetpack_memberships_contains_paywalled_content":false,"_jetpack_memberships_contains_paid_content":false,"footnotes":""},"categories":[8],"tags":[35,115,38,39,118,117,116,42],"class_list":["post-225728","post","type-post","status-publish","format-standard","has-post-thumbnail","hentry","category-blog","tag-america","tag-cuiaba","tag-latina","tag-logistica","tag-municipal","tag-prefeitura","tag-recicla","tag-reversa"],"aioseo_notices":[],"aioseo_head":"\n\t\t<!-- All in One SEO 5.0.0.1 - aioseo.com -->\n\t<meta name=\"description\" content=\"Utilizando tecnologia Triciclo, a Cidade de Cuiab\u00e1\/MT passa a ser a primeira da Am\u00e9rica Latina a utilizar m\u00e1quinas de venda reversa em larga escala. Atrav\u00e9s da parceria com a Triciclo, v\u00e1rios pontos da cidade passam a contar com a Retorna Machine para reciclagem de res\u00edduos e oferta de benef\u00edcios. S\u00e3o Paulo, janeiro de\" \/>\n\t<meta name=\"robots\" content=\"max-image-preview:large\" \/>\n\t<meta name=\"author\" content=\"Triciclo\"\/>\n\t<link rel=\"canonical\" href=\"https:\/\/triciclo.eco.br\/en\/triciclo-inicia-operacao-cuiaba-recicla-projeto-com-apoio-da-prefeitura-de-cuiaba\/\" \/>\n\t<meta name=\"generator\" content=\"All in One SEO (AIOSEO) 5.0.0.1\" \/>\n\t\t<meta property=\"og:locale\" content=\"en_US\" \/>\n\t\t<meta property=\"og:site_name\" content=\"Ambipar Triciclo - Solu\u00e7\u00f5es Sustent\u00e1veis\" \/>\n\t\t<meta property=\"og:type\" content=\"article\" \/>\n\t\t<meta property=\"og:title\" content=\"Triciclo inicia opera\u00e7\u00e3o \u201cCuiab\u00e1 Recicla\u201d: projeto com apoio da Prefeitura de Cuiab\u00e1 - Ambipar Triciclo\" \/>\n\t\t<meta property=\"og:description\" content=\"Utilizando tecnologia Triciclo, a Cidade de Cuiab\u00e1\/MT passa a ser a primeira da Am\u00e9rica Latina a utilizar m\u00e1quinas de venda reversa em larga escala. Atrav\u00e9s da parceria com a Triciclo, v\u00e1rios pontos da cidade passam a contar com a Retorna Machine para reciclagem de res\u00edduos e oferta de benef\u00edcios. S\u00e3o Paulo, janeiro de\" \/>\n\t\t<meta property=\"og:url\" content=\"https:\/\/triciclo.eco.br\/en\/triciclo-inicia-operacao-cuiaba-recicla-projeto-com-apoio-da-prefeitura-de-cuiaba\/\" \/>\n\t\t<meta property=\"og:image\" content=\"https:\/\/triciclo.eco.br\/wp-content\/uploads\/2023\/08\/triciclo-logo-1.png\" \/>\n\t\t<meta property=\"og:image:secure_url\" content=\"https:\/\/triciclo.eco.br\/wp-content\/uploads\/2023\/08\/triciclo-logo-1.png\" \/>\n\t\t<meta property=\"og:image:width\" content=\"200\" \/>\n\t\t<meta property=\"og:image:height\" content=\"200\" \/>\n\t\t<meta property=\"article:published_time\" content=\"2020-01-15T11:34:06+00:00\" \/>\n\t\t<meta property=\"article:modified_time\" content=\"2020-02-26T19:37:53+00:00\" \/>\n\t\t<meta property=\"article:publisher\" content=\"https:\/\/www.facebook.com\/ambipar.triciclo\" \/>\n\t\t<meta name=\"twitter:card\" content=\"summary_large_image\" \/>\n\t\t<meta name=\"twitter:site\" content=\"@AmbiparTriciclo\" \/>\n\t\t<meta name=\"twitter:title\" content=\"Triciclo inicia opera\u00e7\u00e3o \u201cCuiab\u00e1 Recicla\u201d: projeto com apoio da Prefeitura de Cuiab\u00e1 - Ambipar Triciclo\" \/>\n\t\t<meta name=\"twitter:description\" content=\"Utilizando tecnologia Triciclo, a Cidade de Cuiab\u00e1\/MT passa a ser a primeira da Am\u00e9rica Latina a utilizar m\u00e1quinas de venda reversa em larga escala. Atrav\u00e9s da parceria com a Triciclo, v\u00e1rios pontos da cidade passam a contar com a Retorna Machine para reciclagem de res\u00edduos e oferta de benef\u00edcios. S\u00e3o Paulo, janeiro de\" \/>\n\t\t<meta name=\"twitter:creator\" content=\"@AmbiparTriciclo\" \/>\n\t\t<meta name=\"twitter:image\" content=\"https:\/\/triciclo.eco.br\/wp-content\/uploads\/2023\/08\/Triciclo.jpg\" \/>\n\t\t<script type=\"application\/ld+json\" class=\"aioseo-schema\">\n\t\t\t{\"@context\":\"https:\\\/\\\/schema.org\",\"@graph\":[{\"@type\":\"BlogPosting\",\"@id\":\"https:\\\/\\\/triciclo.eco.br\\\/en\\\/triciclo-inicia-operacao-cuiaba-recicla-projeto-com-apoio-da-prefeitura-de-cuiaba\\\/#blogposting\",\"name\":\"Triciclo inicia opera\\u00e7\\u00e3o \\u201cCuiab\\u00e1 Recicla\\u201d: projeto com apoio da Prefeitura de Cuiab\\u00e1 - Ambipar Triciclo\",\"headline\":\"Triciclo inicia opera\\u00e7\\u00e3o \\u201cCuiab\\u00e1 Recicla\\u201d: projeto com apoio da Prefeitura de Cuiab\\u00e1\",\"author\":{\"@id\":\"https:\\\/\\\/triciclo.eco.br\\\/en\\\/author\\\/triciclo\\\/#author\"},\"publisher\":{\"@id\":\"https:\\\/\\\/triciclo.eco.br\\\/en\\\/#organization\"},\"image\":{\"@type\":\"ImageObject\",\"url\":\"https:\\\/\\\/triciclo.eco.br\\\/wp-content\\\/uploads\\\/2020\\\/02\\\/Triciclo-inicia-operacao-cuiaba-recicla-2.jpg\",\"width\":900,\"height\":900},\"datePublished\":\"2020-01-15T08:34:06-03:00\",\"dateModified\":\"2020-02-26T16:37:53-03:00\",\"inLanguage\":\"en-US\",\"mainEntityOfPage\":{\"@id\":\"https:\\\/\\\/triciclo.eco.br\\\/en\\\/triciclo-inicia-operacao-cuiaba-recicla-projeto-com-apoio-da-prefeitura-de-cuiaba\\\/#webpage\"},\"isPartOf\":{\"@id\":\"https:\\\/\\\/triciclo.eco.br\\\/en\\\/triciclo-inicia-operacao-cuiaba-recicla-projeto-com-apoio-da-prefeitura-de-cuiaba\\\/#webpage\"},\"articleSection\":\"Blog, am\\u00e9rica, cuiab\\u00e1, latina, log\\u00edstica, municipal, prefeitura, recicla, reversa\"},{\"@type\":\"BreadcrumbList\",\"@id\":\"https:\\\/\\\/triciclo.eco.br\\\/en\\\/triciclo-inicia-operacao-cuiaba-recicla-projeto-com-apoio-da-prefeitura-de-cuiaba\\\/#breadcrumblist\",\"itemListElement\":[{\"@type\":\"ListItem\",\"@id\":\"https:\\\/\\\/triciclo.eco.br\\\/en#listItem\",\"position\":1,\"name\":\"In\\u00edcio\",\"item\":\"https:\\\/\\\/triciclo.eco.br\\\/en\",\"nextItem\":{\"@type\":\"ListItem\",\"@id\":\"https:\\\/\\\/triciclo.eco.br\\\/en\\\/category\\\/blog\\\/#listItem\",\"name\":\"Blog\"}},{\"@type\":\"ListItem\",\"@id\":\"https:\\\/\\\/triciclo.eco.br\\\/en\\\/category\\\/blog\\\/#listItem\",\"position\":2,\"name\":\"Blog\",\"item\":\"https:\\\/\\\/triciclo.eco.br\\\/en\\\/category\\\/blog\\\/\",\"nextItem\":{\"@type\":\"ListItem\",\"@id\":\"https:\\\/\\\/triciclo.eco.br\\\/en\\\/triciclo-inicia-operacao-cuiaba-recicla-projeto-com-apoio-da-prefeitura-de-cuiaba\\\/#listItem\",\"name\":\"Triciclo inicia opera\\u00e7\\u00e3o \\u201cCuiab\\u00e1 Recicla\\u201d: projeto com apoio da Prefeitura de Cuiab\\u00e1\"},\"previousItem\":{\"@type\":\"ListItem\",\"@id\":\"https:\\\/\\\/triciclo.eco.br\\\/en#listItem\",\"name\":\"In\\u00edcio\"}},{\"@type\":\"ListItem\",\"@id\":\"https:\\\/\\\/triciclo.eco.br\\\/en\\\/triciclo-inicia-operacao-cuiaba-recicla-projeto-com-apoio-da-prefeitura-de-cuiaba\\\/#listItem\",\"position\":3,\"name\":\"Triciclo inicia opera\\u00e7\\u00e3o \\u201cCuiab\\u00e1 Recicla\\u201d: projeto com apoio da Prefeitura de Cuiab\\u00e1\",\"previousItem\":{\"@type\":\"ListItem\",\"@id\":\"https:\\\/\\\/triciclo.eco.br\\\/en\\\/category\\\/blog\\\/#listItem\",\"name\":\"Blog\"}}]},{\"@type\":\"Organization\",\"@id\":\"https:\\\/\\\/triciclo.eco.br\\\/en\\\/#organization\",\"name\":\"Ambipar Triciclo Solu\\u00e7\\u00f5es Sustent\\u00e1veis\",\"description\":\"Solu\\u00e7\\u00f5es Sustent\\u00e1veis\",\"url\":\"https:\\\/\\\/triciclo.eco.br\\\/en\\\/\",\"telephone\":\"+551134295050\",\"logo\":{\"@type\":\"ImageObject\",\"url\":\"https:\\\/\\\/triciclo.eco.br\\\/wp-content\\\/uploads\\\/2023\\\/08\\\/Triciclo.jpg\",\"@id\":\"https:\\\/\\\/triciclo.eco.br\\\/en\\\/triciclo-inicia-operacao-cuiaba-recicla-projeto-com-apoio-da-prefeitura-de-cuiaba\\\/#organizationLogo\",\"width\":113,\"height\":113},\"image\":{\"@id\":\"https:\\\/\\\/triciclo.eco.br\\\/en\\\/triciclo-inicia-operacao-cuiaba-recicla-projeto-com-apoio-da-prefeitura-de-cuiaba\\\/#organizationLogo\"},\"sameAs\":[\"https:\\\/\\\/www.facebook.com\\\/ambipar.triciclo\",\"https:\\\/\\\/twitter.com\\\/AmbiparTriciclo\",\"https:\\\/\\\/www.instagram.com\\\/triciclo_retornamachine\\\/\",\"https:\\\/\\\/www.youtube.com\\\/@TricicloSolucoesSustentaveis\",\"https:\\\/\\\/www.linkedin.com\\\/company\\\/triciclo-solues-sustentveis\\\/\"]},{\"@type\":\"Person\",\"@id\":\"https:\\\/\\\/triciclo.eco.br\\\/en\\\/author\\\/triciclo\\\/#author\",\"url\":\"https:\\\/\\\/triciclo.eco.br\\\/en\\\/author\\\/triciclo\\\/\",\"name\":\"Triciclo\",\"image\":{\"@type\":\"ImageObject\",\"@id\":\"https:\\\/\\\/triciclo.eco.br\\\/en\\\/triciclo-inicia-operacao-cuiaba-recicla-projeto-com-apoio-da-prefeitura-de-cuiaba\\\/#authorImage\",\"url\":\"https:\\\/\\\/secure.gravatar.com\\\/avatar\\\/8031027e39acb0f958577a55663464ac1cd1ffb991a23bf69b3ffbe38b0ecfbf?s=96&d=mm&r=g\",\"width\":96,\"height\":96,\"caption\":\"Triciclo\"}},{\"@type\":\"WebPage\",\"@id\":\"https:\\\/\\\/triciclo.eco.br\\\/en\\\/triciclo-inicia-operacao-cuiaba-recicla-projeto-com-apoio-da-prefeitura-de-cuiaba\\\/#webpage\",\"url\":\"https:\\\/\\\/triciclo.eco.br\\\/en\\\/triciclo-inicia-operacao-cuiaba-recicla-projeto-com-apoio-da-prefeitura-de-cuiaba\\\/\",\"name\":\"Triciclo inicia opera\\u00e7\\u00e3o \\u201cCuiab\\u00e1 Recicla\\u201d: projeto com apoio da Prefeitura de Cuiab\\u00e1 - Ambipar Triciclo\",\"description\":\"Utilizando tecnologia Triciclo, a Cidade de Cuiab\\u00e1\\\/MT passa a ser a primeira da Am\\u00e9rica Latina a utilizar m\\u00e1quinas de venda reversa em larga escala. Atrav\\u00e9s da parceria com a Triciclo, v\\u00e1rios pontos da cidade passam a contar com a Retorna Machine para reciclagem de res\\u00edduos e oferta de benef\\u00edcios. S\\u00e3o Paulo, janeiro de\",\"inLanguage\":\"en-US\",\"isPartOf\":{\"@id\":\"https:\\\/\\\/triciclo.eco.br\\\/en\\\/#website\"},\"breadcrumb\":{\"@id\":\"https:\\\/\\\/triciclo.eco.br\\\/en\\\/triciclo-inicia-operacao-cuiaba-recicla-projeto-com-apoio-da-prefeitura-de-cuiaba\\\/#breadcrumblist\"},\"author\":{\"@id\":\"https:\\\/\\\/triciclo.eco.br\\\/en\\\/author\\\/triciclo\\\/#author\"},\"creator\":{\"@id\":\"https:\\\/\\\/triciclo.eco.br\\\/en\\\/author\\\/triciclo\\\/#author\"},\"image\":{\"@type\":\"ImageObject\",\"url\":\"https:\\\/\\\/triciclo.eco.br\\\/wp-content\\\/uploads\\\/2020\\\/02\\\/Triciclo-inicia-operacao-cuiaba-recicla-2.jpg\",\"@id\":\"https:\\\/\\\/triciclo.eco.br\\\/en\\\/triciclo-inicia-operacao-cuiaba-recicla-projeto-com-apoio-da-prefeitura-de-cuiaba\\\/#mainImage\",\"width\":900,\"height\":900},\"primaryImageOfPage\":{\"@id\":\"https:\\\/\\\/triciclo.eco.br\\\/en\\\/triciclo-inicia-operacao-cuiaba-recicla-projeto-com-apoio-da-prefeitura-de-cuiaba\\\/#mainImage\"},\"datePublished\":\"2020-01-15T08:34:06-03:00\",\"dateModified\":\"2020-02-26T16:37:53-03:00\"},{\"@type\":\"WebSite\",\"@id\":\"https:\\\/\\\/triciclo.eco.br\\\/en\\\/#website\",\"url\":\"https:\\\/\\\/triciclo.eco.br\\\/en\\\/\",\"name\":\"Ambipar Triciclo\",\"alternateName\":\"Triciclo\",\"description\":\"Solu\\u00e7\\u00f5es Sustent\\u00e1veis\",\"inLanguage\":\"en-US\",\"publisher\":{\"@id\":\"https:\\\/\\\/triciclo.eco.br\\\/en\\\/#organization\"}}]}\n\t\t<\/script>\n\t\t<!-- All in One SEO -->\n\n","aioseo_head_json":{"title":"Triciclo inicia opera\u00e7\u00e3o \u201cCuiab\u00e1 Recicla\u201d: projeto com apoio da Prefeitura de Cuiab\u00e1 - Ambipar Triciclo","description":"Utilizando tecnologia Triciclo, a Cidade de Cuiab\u00e1\/MT passa a ser a primeira da Am\u00e9rica Latina a utilizar m\u00e1quinas de venda reversa em larga escala. Atrav\u00e9s da parceria com a Triciclo, v\u00e1rios pontos da cidade passam a contar com a Retorna Machine para reciclagem de res\u00edduos e oferta de benef\u00edcios. S\u00e3o Paulo, janeiro de","canonical_url":"https:\/\/triciclo.eco.br\/en\/triciclo-inicia-operacao-cuiaba-recicla-projeto-com-apoio-da-prefeitura-de-cuiaba\/","robots":"max-image-preview:large","keywords":"","webmasterTools":{"miscellaneous":""},"schema":{"@context":"https:\/\/schema.org","@graph":[{"@type":"BlogPosting","@id":"https:\/\/triciclo.eco.br\/en\/triciclo-inicia-operacao-cuiaba-recicla-projeto-com-apoio-da-prefeitura-de-cuiaba\/#blogposting","name":"Triciclo inicia opera\u00e7\u00e3o \u201cCuiab\u00e1 Recicla\u201d: projeto com apoio da Prefeitura de Cuiab\u00e1 - Ambipar Triciclo","headline":"Triciclo inicia opera\u00e7\u00e3o \u201cCuiab\u00e1 Recicla\u201d: projeto com apoio da Prefeitura de Cuiab\u00e1","author":{"@id":"https:\/\/triciclo.eco.br\/en\/author\/triciclo\/#author"},"publisher":{"@id":"https:\/\/triciclo.eco.br\/en\/#organization"},"image":{"@type":"ImageObject","url":"https:\/\/triciclo.eco.br\/wp-content\/uploads\/2020\/02\/Triciclo-inicia-operacao-cuiaba-recicla-2.jpg","width":900,"height":900},"datePublished":"2020-01-15T08:34:06-03:00","dateModified":"2020-02-26T16:37:53-03:00","inLanguage":"en-US","mainEntityOfPage":{"@id":"https:\/\/triciclo.eco.br\/en\/triciclo-inicia-operacao-cuiaba-recicla-projeto-com-apoio-da-prefeitura-de-cuiaba\/#webpage"},"isPartOf":{"@id":"https:\/\/triciclo.eco.br\/en\/triciclo-inicia-operacao-cuiaba-recicla-projeto-com-apoio-da-prefeitura-de-cuiaba\/#webpage"},"articleSection":"Blog, am\u00e9rica, cuiab\u00e1, latina, log\u00edstica, municipal, prefeitura, recicla, reversa"},{"@type":"BreadcrumbList","@id":"https:\/\/triciclo.eco.br\/en\/triciclo-inicia-operacao-cuiaba-recicla-projeto-com-apoio-da-prefeitura-de-cuiaba\/#breadcrumblist","itemListElement":[{"@type":"ListItem","@id":"https:\/\/triciclo.eco.br\/en#listItem","position":1,"name":"In\u00edcio","item":"https:\/\/triciclo.eco.br\/en","nextItem":{"@type":"ListItem","@id":"https:\/\/triciclo.eco.br\/en\/category\/blog\/#listItem","name":"Blog"}},{"@type":"ListItem","@id":"https:\/\/triciclo.eco.br\/en\/category\/blog\/#listItem","position":2,"name":"Blog","item":"https:\/\/triciclo.eco.br\/en\/category\/blog\/","nextItem":{"@type":"ListItem","@id":"https:\/\/triciclo.eco.br\/en\/triciclo-inicia-operacao-cuiaba-recicla-projeto-com-apoio-da-prefeitura-de-cuiaba\/#listItem","name":"Triciclo inicia opera\u00e7\u00e3o \u201cCuiab\u00e1 Recicla\u201d: projeto com apoio da Prefeitura de Cuiab\u00e1"},"previousItem":{"@type":"ListItem","@id":"https:\/\/triciclo.eco.br\/en#listItem","name":"In\u00edcio"}},{"@type":"ListItem","@id":"https:\/\/triciclo.eco.br\/en\/triciclo-inicia-operacao-cuiaba-recicla-projeto-com-apoio-da-prefeitura-de-cuiaba\/#listItem","position":3,"name":"Triciclo inicia opera\u00e7\u00e3o \u201cCuiab\u00e1 Recicla\u201d: projeto com apoio da Prefeitura de Cuiab\u00e1","previousItem":{"@type":"ListItem","@id":"https:\/\/triciclo.eco.br\/en\/category\/blog\/#listItem","name":"Blog"}}]},{"@type":"Organization","@id":"https:\/\/triciclo.eco.br\/en\/#organization","name":"Ambipar Triciclo Solu\u00e7\u00f5es Sustent\u00e1veis","description":"Solu\u00e7\u00f5es Sustent\u00e1veis","url":"https:\/\/triciclo.eco.br\/en\/","telephone":"+551134295050","logo":{"@type":"ImageObject","url":"https:\/\/triciclo.eco.br\/wp-content\/uploads\/2023\/08\/Triciclo.jpg","@id":"https:\/\/triciclo.eco.br\/en\/triciclo-inicia-operacao-cuiaba-recicla-projeto-com-apoio-da-prefeitura-de-cuiaba\/#organizationLogo","width":113,"height":113},"image":{"@id":"https:\/\/triciclo.eco.br\/en\/triciclo-inicia-operacao-cuiaba-recicla-projeto-com-apoio-da-prefeitura-de-cuiaba\/#organizationLogo"},"sameAs":["https:\/\/www.facebook.com\/ambipar.triciclo","https:\/\/twitter.com\/AmbiparTriciclo","https:\/\/www.instagram.com\/triciclo_retornamachine\/","https:\/\/www.youtube.com\/@TricicloSolucoesSustentaveis","https:\/\/www.linkedin.com\/company\/triciclo-solues-sustentveis\/"]},{"@type":"Person","@id":"https:\/\/triciclo.eco.br\/en\/author\/triciclo\/#author","url":"https:\/\/triciclo.eco.br\/en\/author\/triciclo\/","name":"Triciclo","image":{"@type":"ImageObject","@id":"https:\/\/triciclo.eco.br\/en\/triciclo-inicia-operacao-cuiaba-recicla-projeto-com-apoio-da-prefeitura-de-cuiaba\/#authorImage","url":"https:\/\/secure.gravatar.com\/avatar\/8031027e39acb0f958577a55663464ac1cd1ffb991a23bf69b3ffbe38b0ecfbf?s=96&d=mm&r=g","width":96,"height":96,"caption":"Triciclo"}},{"@type":"WebPage","@id":"https:\/\/triciclo.eco.br\/en\/triciclo-inicia-operacao-cuiaba-recicla-projeto-com-apoio-da-prefeitura-de-cuiaba\/#webpage","url":"https:\/\/triciclo.eco.br\/en\/triciclo-inicia-operacao-cuiaba-recicla-projeto-com-apoio-da-prefeitura-de-cuiaba\/","name":"Triciclo inicia opera\u00e7\u00e3o \u201cCuiab\u00e1 Recicla\u201d: projeto com apoio da Prefeitura de Cuiab\u00e1 - Ambipar Triciclo","description":"Utilizando tecnologia Triciclo, a Cidade de Cuiab\u00e1\/MT passa a ser a primeira da Am\u00e9rica Latina a utilizar m\u00e1quinas de venda reversa em larga escala. Atrav\u00e9s da parceria com a Triciclo, v\u00e1rios pontos da cidade passam a contar com a Retorna Machine para reciclagem de res\u00edduos e oferta de benef\u00edcios. S\u00e3o Paulo, janeiro de","inLanguage":"en-US","isPartOf":{"@id":"https:\/\/triciclo.eco.br\/en\/#website"},"breadcrumb":{"@id":"https:\/\/triciclo.eco.br\/en\/triciclo-inicia-operacao-cuiaba-recicla-projeto-com-apoio-da-prefeitura-de-cuiaba\/#breadcrumblist"},"author":{"@id":"https:\/\/triciclo.eco.br\/en\/author\/triciclo\/#author"},"creator":{"@id":"https:\/\/triciclo.eco.br\/en\/author\/triciclo\/#author"},"image":{"@type":"ImageObject","url":"https:\/\/triciclo.eco.br\/wp-content\/uploads\/2020\/02\/Triciclo-inicia-operacao-cuiaba-recicla-2.jpg","@id":"https:\/\/triciclo.eco.br\/en\/triciclo-inicia-operacao-cuiaba-recicla-projeto-com-apoio-da-prefeitura-de-cuiaba\/#mainImage","width":900,"height":900},"primaryImageOfPage":{"@id":"https:\/\/triciclo.eco.br\/en\/triciclo-inicia-operacao-cuiaba-recicla-projeto-com-apoio-da-prefeitura-de-cuiaba\/#mainImage"},"datePublished":"2020-01-15T08:34:06-03:00","dateModified":"2020-02-26T16:37:53-03:00"},{"@type":"WebSite","@id":"https:\/\/triciclo.eco.br\/en\/#website","url":"https:\/\/triciclo.eco.br\/en\/","name":"Ambipar Triciclo","alternateName":"Triciclo","description":"Solu\u00e7\u00f5es Sustent\u00e1veis","inLanguage":"en-US","publisher":{"@id":"https:\/\/triciclo.eco.br\/en\/#organization"}}]},"og:locale":"en_US","og:site_name":"Ambipar Triciclo - Solu\u00e7\u00f5es Sustent\u00e1veis","og:type":"article","og:title":"Triciclo inicia opera\u00e7\u00e3o \u201cCuiab\u00e1 Recicla\u201d: projeto com apoio da Prefeitura de Cuiab\u00e1 - Ambipar Triciclo","og:description":"Utilizando tecnologia Triciclo, a Cidade de Cuiab\u00e1\/MT passa a ser a primeira da Am\u00e9rica Latina a utilizar m\u00e1quinas de venda reversa em larga escala. Atrav\u00e9s da parceria com a Triciclo, v\u00e1rios pontos da cidade passam a contar com a Retorna Machine para reciclagem de res\u00edduos e oferta de benef\u00edcios. S\u00e3o Paulo, janeiro de","og:url":"https:\/\/triciclo.eco.br\/en\/triciclo-inicia-operacao-cuiaba-recicla-projeto-com-apoio-da-prefeitura-de-cuiaba\/","og:image":"https:\/\/triciclo.eco.br\/wp-content\/uploads\/2023\/08\/triciclo-logo-1.png","og:image:secure_url":"https:\/\/triciclo.eco.br\/wp-content\/uploads\/2023\/08\/triciclo-logo-1.png","og:image:width":200,"og:image:height":200,"article:published_time":"2020-01-15T11:34:06+00:00","article:modified_time":"2020-02-26T19:37:53+00:00","article:publisher":"https:\/\/www.facebook.com\/ambipar.triciclo","twitter:card":"summary_large_image","twitter:site":"@AmbiparTriciclo","twitter:title":"Triciclo inicia opera\u00e7\u00e3o \u201cCuiab\u00e1 Recicla\u201d: projeto com apoio da Prefeitura de Cuiab\u00e1 - Ambipar Triciclo","twitter:description":"Utilizando tecnologia Triciclo, a Cidade de Cuiab\u00e1\/MT passa a ser a primeira da Am\u00e9rica Latina a utilizar m\u00e1quinas de venda reversa em larga escala. Atrav\u00e9s da parceria com a Triciclo, v\u00e1rios pontos da cidade passam a contar com a Retorna Machine para reciclagem de res\u00edduos e oferta de benef\u00edcios. S\u00e3o Paulo, janeiro de","twitter:creator":"@AmbiparTriciclo","twitter:image":"https:\/\/triciclo.eco.br\/wp-content\/uploads\/2023\/08\/Triciclo.jpg"},"aioseo_meta_data":{"post_id":"225728","title":null,"description":null,"keywords":null,"keyphrases":null,"primary_term":null,"canonical_url":null,"og_title":null,"og_description":null,"og_object_type":"default","og_image_type":"default","og_image_url":null,"og_image_width":null,"og_image_height":null,"og_image_custom_url":null,"og_image_custom_fields":null,"og_video":null,"og_custom_url":null,"og_article_section":null,"og_article_tags":null,"twitter_use_og":false,"twitter_card":"default","twitter_image_type":"default","twitter_image_url":null,"twitter_image_custom_url":null,"twitter_image_custom_fields":null,"twitter_title":null,"twitter_description":null,"schema":{"blockGraphs":[],"customGraphs":[],"default":{"data":{"Article":[],"Course":[],"Dataset":[],"FAQPage":[],"Movie":[],"Person":[],"Product":[],"ProductReview":[],"Car":[],"Recipe":[],"Service":[],"SoftwareApplication":[],"WebPage":[]},"graphName":"","isEnabled":true},"graphs":[]},"schema_type":"default","schema_type_options":null,"pillar_content":false,"robots_default":true,"robots_noindex":false,"robots_noarchive":false,"robots_nosnippet":false,"robots_nofollow":false,"robots_noimageindex":false,"robots_noodp":false,"robots_notranslate":false,"robots_max_snippet":null,"robots_max_videopreview":null,"robots_max_imagepreview":"large","priority":null,"frequency":null,"local_seo":null,"breadcrumb_settings":null,"limit_modified_date":false,"ai":null,"created":"2023-08-29 18:06:11","updated":"2025-08-01 16:01:06","focus_keyword":null,"additional_keywords":null,"truseo_locale":null,"seo_analyzer_scan_date":null},"aioseo_breadcrumb":"<div class=\"aioseo-breadcrumbs\"><span class=\"aioseo-breadcrumb\">\n\t\t\t<a href=\"https:\/\/triciclo.eco.br\/en\" title=\"In\u00edcio\">In\u00edcio<\/a>\n\t\t<\/span><span class=\"aioseo-breadcrumb-separator\">&raquo;<\/span><span class=\"aioseo-breadcrumb\">\n\t\t\t<a href=\"https:\/\/triciclo.eco.br\/en\/category\/blog\/\" title=\"Blog\">Blog<\/a>\n\t\t<\/span><span class=\"aioseo-breadcrumb-separator\">&raquo;<\/span><span class=\"aioseo-breadcrumb\">\n\t\t\tTriciclo inicia opera\u00e7\u00e3o \u201cCuiab\u00e1 Recicla\u201d: projeto com apoio da Prefeitura de Cuiab\u00e1\n\t\t<\/span><\/div>","aioseo_breadcrumb_json":[{"label":"In\u00edcio","link":"https:\/\/triciclo.eco.br\/en"},{"label":"Blog","link":"https:\/\/triciclo.eco.br\/en\/category\/blog\/"},{"label":"Triciclo inicia opera\u00e7\u00e3o \u201cCuiab\u00e1 Recicla\u201d: projeto com apoio da Prefeitura de Cuiab\u00e1","link":"https:\/\/triciclo.eco.br\/en\/triciclo-inicia-operacao-cuiaba-recicla-projeto-com-apoio-da-prefeitura-de-cuiaba\/"}],"jetpack_sharing_enabled":true,"jetpack_featured_media_url":"https:\/\/triciclo.eco.br\/wp-content\/uploads\/2020\/02\/Triciclo-inicia-operacao-cuiaba-recicla-2.jpg","_links":{"self":[{"href":"https:\/\/triciclo.eco.br\/en\/wp-json\/wp\/v2\/posts\/225728","targetHints":{"allow":["GET"]}}],"collection":[{"href":"https:\/\/triciclo.eco.br\/en\/wp-json\/wp\/v2\/posts"}],"about":[{"href":"https:\/\/triciclo.eco.br\/en\/wp-json\/wp\/v2\/types\/post"}],"author":[{"embeddable":true,"href":"https:\/\/triciclo.eco.br\/en\/wp-json\/wp\/v2\/users\/2"}],"replies":[{"embeddable":true,"href":"https:\/\/triciclo.eco.br\/en\/wp-json\/wp\/v2\/comments?post=225728"}],"version-history":[{"count":3,"href":"https:\/\/triciclo.eco.br\/en\/wp-json\/wp\/v2\/posts\/225728\/revisions"}],"predecessor-version":[{"id":226462,"href":"https:\/\/triciclo.eco.br\/en\/wp-json\/wp\/v2\/posts\/225728\/revisions\/226462"}],"wp:featuredmedia":[{"embeddable":true,"href":"https:\/\/triciclo.eco.br\/en\/wp-json\/wp\/v2\/media\/225729"}],"wp:attachment":[{"href":"https:\/\/triciclo.eco.br\/en\/wp-json\/wp\/v2\/media?parent=225728"}],"wp:term":[{"taxonomy":"category","embeddable":true,"href":"https:\/\/triciclo.eco.br\/en\/wp-json\/wp\/v2\/categories?post=225728"},{"taxonomy":"post_tag","embeddable":true,"href":"https:\/\/triciclo.eco.br\/en\/wp-json\/wp\/v2\/tags?post=225728"}],"curies":[{"name":"wp","href":"https:\/\/api.w.org\/{rel}","templated":true}]}}