{"id":227415,"date":"2020-12-17T11:35:37","date_gmt":"2020-12-17T14:35:37","guid":{"rendered":"https:\/\/triciclo.eco.br\/?p=227415"},"modified":"2021-04-12T09:42:33","modified_gmt":"2021-04-12T12:42:33","slug":"bike-eletrica-vencedor","status":"publish","type":"post","link":"https:\/\/triciclo.eco.br\/en\/bike-eletrica-vencedor\/","title":{"rendered":"Campanha premiada da Triciclo e Prolata chega a um vencedor"},"content":{"rendered":"<h2 style=\"text-align: center;\"><strong>Campanha premiada da Triciclo e Prolata chega a um vencedor<\/strong><\/h2>\n<p>&nbsp;<\/p>\n<h4 style=\"text-align: center;\"><em>A bike el\u00e9trica finalmente chegou at\u00e9 seu ganhador, Marcio Marcelino, que nos conta um pouco mais sobre sua rotina de reciclagem<\/em><\/h4>\n<p>&nbsp;<\/p>\n<p><strong>S\u00e3o Paulo, 17 de dezembro de 2020 &#8211; <\/strong>A Triciclo, em parceria com a Prolata, decidiu iniciar uma campanha premiada em 2020.<\/p>\n<p>A mec\u00e2nica era: o residente da cidade de S\u00e3o Paulo mais reciclasse res\u00edduos no ano, ganharia uma bike el\u00e9trica! Dentre as metas, a valoriza\u00e7\u00e3o de res\u00edduos de a\u00e7o estava presente, pois cada lata de a\u00e7o contaria como 3 unidades.<\/p>\n<p>Dos resultados da campanha, tivemos um total de embalagens 1078,87 kg de a\u00e7o recolhido, sendo 32.908 embalagens. Entre os benef\u00edcios mais trocados, estavam o abatimento no Bilhete BOM, Bilhete \u00danico e recarga de celular.<\/p>\n<p>No dia 18 dezembro foi anunciado o vencedor, Marcio Marcelino, que reciclou 2880 embalagens no ano! Um equivalente a 8 unidades por dia.<\/p>\n<p>Marcio conta que a import\u00e2ncia da reciclagem pode reduzir a quantidade de lixo das ruas, contribuindo para o meio ambiente. Sobre a Triciclo (e a Retorna Machine), diz ele que \u00e9 um meio muito importante para a reciclagem e reutiliza\u00e7\u00e3o desses res\u00edduos p\u00f3s-consumo. Os benef\u00edcios que utiliza s\u00e3o para trocar por cr\u00e9ditos no bilhete \u00fanico. Seu, pr\u00eamio, a bike el\u00e9trica, vai ser muito \u00fatil para o transporte local e diminui\u00e7\u00e3o da polui\u00e7\u00e3o da cidade.<\/p>\n<p>O ganhador Marcio \u00e9 um exemplo para todos, porque a Triciclo acredita que cada um pode fazer a diferen\u00e7a.<\/p>\n<p>Veja o v\u00eddeo da campanha <a href=\"https:\/\/www.instagram.com\/p\/CKjzWYMs0CM\/\">aqui<\/a>.<\/p>\n<p><strong>Informa\u00e7\u00f5es \u00e0 imprensa<\/strong><br \/>\nLenita Medeiros<br \/>\nlenita@wp-triciclo.azurewebsites.net<br \/>\n(11) 2362-8424<br \/>\n(11) 2362-8475<\/p>","protected":false},"excerpt":{"rendered":"<p>Campanha premiada da Triciclo e Prolata chega a um vencedor &nbsp; A bike el\u00e9trica finalmente chegou at\u00e9 seu ganhador, Marcio Marcelino, que nos conta um pouco mais sobre sua rotina de reciclagem &nbsp; S\u00e3o Paulo, 17 de dezembro de 2020 &#8211; A Triciclo, em parceria com a Prolata, decidiu iniciar uma campanha premiada em 2020. [&hellip;]<\/p>\n","protected":false},"author":2,"featured_media":227427,"comment_status":"open","ping_status":"closed","sticky":false,"template":"","format":"standard","meta":{"_et_pb_use_builder":"off","_et_pb_old_content":"","_et_gb_content_width":"","_jetpack_newsletter_access":"","_jetpack_dont_email_post_to_subs":false,"_jetpack_newsletter_tier_id":0,"_jetpack_memberships_contains_paywalled_content":false,"_jetpack_memberships_contains_paid_content":false,"footnotes":""},"categories":[8],"tags":[151,152,150,147,148,28,149],"class_list":["post-227415","post","type-post","status-publish","format-standard","has-post-thumbnail","hentry","category-blog","tag-conta","tag-digital","tag-dinheiro","tag-pagbank","tag-pagseguro","tag-reciclagem","tag-uol"],"aioseo_notices":[],"aioseo_head":"\n\t\t<!-- All in One SEO 5.0.0.1 - aioseo.com -->\n\t<meta name=\"description\" content=\"Campanha premiada da Triciclo e Prolata chega a um vencedor A bike el\u00e9trica finalmente chegou at\u00e9 seu ganhador, Marcio Marcelino, que nos conta um pouco mais sobre sua rotina de reciclagem S\u00e3o Paulo, 17 de dezembro de 2020 - A Triciclo, em parceria com a Prolata, decidiu iniciar uma campanha premiada em 2020.\" \/>\n\t<meta name=\"robots\" content=\"max-image-preview:large\" \/>\n\t<meta name=\"author\" content=\"Triciclo\"\/>\n\t<link rel=\"canonical\" href=\"https:\/\/triciclo.eco.br\/en\/bike-eletrica-vencedor\/\" \/>\n\t<meta name=\"generator\" content=\"All in One SEO (AIOSEO) 5.0.0.1\" \/>\n\t\t<meta property=\"og:locale\" content=\"en_US\" \/>\n\t\t<meta property=\"og:site_name\" content=\"Ambipar Triciclo - Solu\u00e7\u00f5es Sustent\u00e1veis\" \/>\n\t\t<meta property=\"og:type\" content=\"article\" \/>\n\t\t<meta property=\"og:title\" content=\"Campanha premiada da Triciclo e Prolata chega a um vencedor - Ambipar Triciclo\" \/>\n\t\t<meta property=\"og:description\" content=\"Campanha premiada da Triciclo e Prolata chega a um vencedor A bike el\u00e9trica finalmente chegou at\u00e9 seu ganhador, Marcio Marcelino, que nos conta um pouco mais sobre sua rotina de reciclagem S\u00e3o Paulo, 17 de dezembro de 2020 - A Triciclo, em parceria com a Prolata, decidiu iniciar uma campanha premiada em 2020.\" \/>\n\t\t<meta property=\"og:url\" content=\"https:\/\/triciclo.eco.br\/en\/bike-eletrica-vencedor\/\" \/>\n\t\t<meta property=\"og:image\" content=\"https:\/\/triciclo.eco.br\/wp-content\/uploads\/2023\/08\/triciclo-logo-1.png\" \/>\n\t\t<meta property=\"og:image:secure_url\" content=\"https:\/\/triciclo.eco.br\/wp-content\/uploads\/2023\/08\/triciclo-logo-1.png\" \/>\n\t\t<meta property=\"og:image:width\" content=\"200\" \/>\n\t\t<meta property=\"og:image:height\" content=\"200\" \/>\n\t\t<meta property=\"article:published_time\" content=\"2020-12-17T14:35:37+00:00\" \/>\n\t\t<meta property=\"article:modified_time\" content=\"2021-04-12T12:42:33+00:00\" \/>\n\t\t<meta property=\"article:publisher\" content=\"https:\/\/www.facebook.com\/ambipar.triciclo\" \/>\n\t\t<meta name=\"twitter:card\" content=\"summary_large_image\" \/>\n\t\t<meta name=\"twitter:site\" content=\"@AmbiparTriciclo\" \/>\n\t\t<meta name=\"twitter:title\" content=\"Campanha premiada da Triciclo e Prolata chega a um vencedor - Ambipar Triciclo\" \/>\n\t\t<meta name=\"twitter:description\" content=\"Campanha premiada da Triciclo e Prolata chega a um vencedor A bike el\u00e9trica finalmente chegou at\u00e9 seu ganhador, Marcio Marcelino, que nos conta um pouco mais sobre sua rotina de reciclagem S\u00e3o Paulo, 17 de dezembro de 2020 - A Triciclo, em parceria com a Prolata, decidiu iniciar uma campanha premiada em 2020.\" \/>\n\t\t<meta name=\"twitter:creator\" content=\"@AmbiparTriciclo\" \/>\n\t\t<meta name=\"twitter:image\" content=\"https:\/\/triciclo.eco.br\/wp-content\/uploads\/2023\/08\/Triciclo.jpg\" \/>\n\t\t<script type=\"application\/ld+json\" class=\"aioseo-schema\">\n\t\t\t{\"@context\":\"https:\\\/\\\/schema.org\",\"@graph\":[{\"@type\":\"BlogPosting\",\"@id\":\"https:\\\/\\\/triciclo.eco.br\\\/en\\\/bike-eletrica-vencedor\\\/#blogposting\",\"name\":\"Campanha premiada da Triciclo e Prolata chega a um vencedor - Ambipar Triciclo\",\"headline\":\"Campanha premiada da Triciclo e Prolata chega a um vencedor\",\"author\":{\"@id\":\"https:\\\/\\\/triciclo.eco.br\\\/en\\\/author\\\/triciclo\\\/#author\"},\"publisher\":{\"@id\":\"https:\\\/\\\/triciclo.eco.br\\\/en\\\/#organization\"},\"image\":{\"@type\":\"ImageObject\",\"url\":\"https:\\\/\\\/triciclo.eco.br\\\/wp-content\\\/uploads\\\/2020\\\/12\\\/Bike-El\\u00e9trica-Vencedor.png\",\"width\":1200,\"height\":720,\"caption\":\"Foto vencedor da bike el\\u00e9trica\"},\"datePublished\":\"2020-12-17T11:35:37-03:00\",\"dateModified\":\"2021-04-12T09:42:33-03:00\",\"inLanguage\":\"en-US\",\"mainEntityOfPage\":{\"@id\":\"https:\\\/\\\/triciclo.eco.br\\\/en\\\/bike-eletrica-vencedor\\\/#webpage\"},\"isPartOf\":{\"@id\":\"https:\\\/\\\/triciclo.eco.br\\\/en\\\/bike-eletrica-vencedor\\\/#webpage\"},\"articleSection\":\"Blog, conta, digital, dinheiro, pagbank, pagseguro, reciclagem, uol\"},{\"@type\":\"BreadcrumbList\",\"@id\":\"https:\\\/\\\/triciclo.eco.br\\\/en\\\/bike-eletrica-vencedor\\\/#breadcrumblist\",\"itemListElement\":[{\"@type\":\"ListItem\",\"@id\":\"https:\\\/\\\/triciclo.eco.br\\\/en#listItem\",\"position\":1,\"name\":\"In\\u00edcio\",\"item\":\"https:\\\/\\\/triciclo.eco.br\\\/en\",\"nextItem\":{\"@type\":\"ListItem\",\"@id\":\"https:\\\/\\\/triciclo.eco.br\\\/en\\\/category\\\/blog\\\/#listItem\",\"name\":\"Blog\"}},{\"@type\":\"ListItem\",\"@id\":\"https:\\\/\\\/triciclo.eco.br\\\/en\\\/category\\\/blog\\\/#listItem\",\"position\":2,\"name\":\"Blog\",\"item\":\"https:\\\/\\\/triciclo.eco.br\\\/en\\\/category\\\/blog\\\/\",\"nextItem\":{\"@type\":\"ListItem\",\"@id\":\"https:\\\/\\\/triciclo.eco.br\\\/en\\\/bike-eletrica-vencedor\\\/#listItem\",\"name\":\"Campanha premiada da Triciclo e Prolata chega a um vencedor\"},\"previousItem\":{\"@type\":\"ListItem\",\"@id\":\"https:\\\/\\\/triciclo.eco.br\\\/en#listItem\",\"name\":\"In\\u00edcio\"}},{\"@type\":\"ListItem\",\"@id\":\"https:\\\/\\\/triciclo.eco.br\\\/en\\\/bike-eletrica-vencedor\\\/#listItem\",\"position\":3,\"name\":\"Campanha premiada da Triciclo e Prolata chega a um vencedor\",\"previousItem\":{\"@type\":\"ListItem\",\"@id\":\"https:\\\/\\\/triciclo.eco.br\\\/en\\\/category\\\/blog\\\/#listItem\",\"name\":\"Blog\"}}]},{\"@type\":\"Organization\",\"@id\":\"https:\\\/\\\/triciclo.eco.br\\\/en\\\/#organization\",\"name\":\"Ambipar Triciclo Solu\\u00e7\\u00f5es Sustent\\u00e1veis\",\"description\":\"Solu\\u00e7\\u00f5es Sustent\\u00e1veis\",\"url\":\"https:\\\/\\\/triciclo.eco.br\\\/en\\\/\",\"telephone\":\"+551134295050\",\"logo\":{\"@type\":\"ImageObject\",\"url\":\"https:\\\/\\\/triciclo.eco.br\\\/wp-content\\\/uploads\\\/2023\\\/08\\\/Triciclo.jpg\",\"@id\":\"https:\\\/\\\/triciclo.eco.br\\\/en\\\/bike-eletrica-vencedor\\\/#organizationLogo\",\"width\":113,\"height\":113},\"image\":{\"@id\":\"https:\\\/\\\/triciclo.eco.br\\\/en\\\/bike-eletrica-vencedor\\\/#organizationLogo\"},\"sameAs\":[\"https:\\\/\\\/www.facebook.com\\\/ambipar.triciclo\",\"https:\\\/\\\/twitter.com\\\/AmbiparTriciclo\",\"https:\\\/\\\/www.instagram.com\\\/triciclo_retornamachine\\\/\",\"https:\\\/\\\/www.youtube.com\\\/@TricicloSolucoesSustentaveis\",\"https:\\\/\\\/www.linkedin.com\\\/company\\\/triciclo-solues-sustentveis\\\/\"]},{\"@type\":\"Person\",\"@id\":\"https:\\\/\\\/triciclo.eco.br\\\/en\\\/author\\\/triciclo\\\/#author\",\"url\":\"https:\\\/\\\/triciclo.eco.br\\\/en\\\/author\\\/triciclo\\\/\",\"name\":\"Triciclo\",\"image\":{\"@type\":\"ImageObject\",\"@id\":\"https:\\\/\\\/triciclo.eco.br\\\/en\\\/bike-eletrica-vencedor\\\/#authorImage\",\"url\":\"https:\\\/\\\/secure.gravatar.com\\\/avatar\\\/8031027e39acb0f958577a55663464ac1cd1ffb991a23bf69b3ffbe38b0ecfbf?s=96&d=mm&r=g\",\"width\":96,\"height\":96,\"caption\":\"Triciclo\"}},{\"@type\":\"WebPage\",\"@id\":\"https:\\\/\\\/triciclo.eco.br\\\/en\\\/bike-eletrica-vencedor\\\/#webpage\",\"url\":\"https:\\\/\\\/triciclo.eco.br\\\/en\\\/bike-eletrica-vencedor\\\/\",\"name\":\"Campanha premiada da Triciclo e Prolata chega a um vencedor - Ambipar Triciclo\",\"description\":\"Campanha premiada da Triciclo e Prolata chega a um vencedor A bike el\\u00e9trica finalmente chegou at\\u00e9 seu ganhador, Marcio Marcelino, que nos conta um pouco mais sobre sua rotina de reciclagem S\\u00e3o Paulo, 17 de dezembro de 2020 - A Triciclo, em parceria com a Prolata, decidiu iniciar uma campanha premiada em 2020.\",\"inLanguage\":\"en-US\",\"isPartOf\":{\"@id\":\"https:\\\/\\\/triciclo.eco.br\\\/en\\\/#website\"},\"breadcrumb\":{\"@id\":\"https:\\\/\\\/triciclo.eco.br\\\/en\\\/bike-eletrica-vencedor\\\/#breadcrumblist\"},\"author\":{\"@id\":\"https:\\\/\\\/triciclo.eco.br\\\/en\\\/author\\\/triciclo\\\/#author\"},\"creator\":{\"@id\":\"https:\\\/\\\/triciclo.eco.br\\\/en\\\/author\\\/triciclo\\\/#author\"},\"image\":{\"@type\":\"ImageObject\",\"url\":\"https:\\\/\\\/triciclo.eco.br\\\/wp-content\\\/uploads\\\/2020\\\/12\\\/Bike-El\\u00e9trica-Vencedor.png\",\"@id\":\"https:\\\/\\\/triciclo.eco.br\\\/en\\\/bike-eletrica-vencedor\\\/#mainImage\",\"width\":1200,\"height\":720,\"caption\":\"Foto vencedor da bike el\\u00e9trica\"},\"primaryImageOfPage\":{\"@id\":\"https:\\\/\\\/triciclo.eco.br\\\/en\\\/bike-eletrica-vencedor\\\/#mainImage\"},\"datePublished\":\"2020-12-17T11:35:37-03:00\",\"dateModified\":\"2021-04-12T09:42:33-03:00\"},{\"@type\":\"WebSite\",\"@id\":\"https:\\\/\\\/triciclo.eco.br\\\/en\\\/#website\",\"url\":\"https:\\\/\\\/triciclo.eco.br\\\/en\\\/\",\"name\":\"Ambipar Triciclo\",\"alternateName\":\"Triciclo\",\"description\":\"Solu\\u00e7\\u00f5es Sustent\\u00e1veis\",\"inLanguage\":\"en-US\",\"publisher\":{\"@id\":\"https:\\\/\\\/triciclo.eco.br\\\/en\\\/#organization\"}}]}\n\t\t<\/script>\n\t\t<!-- All in One SEO -->\n\n","aioseo_head_json":{"title":"Campanha premiada da Triciclo e Prolata chega a um vencedor - Ambipar Triciclo","description":"Campanha premiada da Triciclo e Prolata chega a um vencedor A bike el\u00e9trica finalmente chegou at\u00e9 seu ganhador, Marcio Marcelino, que nos conta um pouco mais sobre sua rotina de reciclagem S\u00e3o Paulo, 17 de dezembro de 2020 - A Triciclo, em parceria com a Prolata, decidiu iniciar uma campanha premiada em 2020.","canonical_url":"https:\/\/triciclo.eco.br\/en\/bike-eletrica-vencedor\/","robots":"max-image-preview:large","keywords":"","webmasterTools":{"miscellaneous":""},"schema":{"@context":"https:\/\/schema.org","@graph":[{"@type":"BlogPosting","@id":"https:\/\/triciclo.eco.br\/en\/bike-eletrica-vencedor\/#blogposting","name":"Campanha premiada da Triciclo e Prolata chega a um vencedor - Ambipar Triciclo","headline":"Campanha premiada da Triciclo e Prolata chega a um vencedor","author":{"@id":"https:\/\/triciclo.eco.br\/en\/author\/triciclo\/#author"},"publisher":{"@id":"https:\/\/triciclo.eco.br\/en\/#organization"},"image":{"@type":"ImageObject","url":"https:\/\/triciclo.eco.br\/wp-content\/uploads\/2020\/12\/Bike-El\u00e9trica-Vencedor.png","width":1200,"height":720,"caption":"Foto vencedor da bike el\u00e9trica"},"datePublished":"2020-12-17T11:35:37-03:00","dateModified":"2021-04-12T09:42:33-03:00","inLanguage":"en-US","mainEntityOfPage":{"@id":"https:\/\/triciclo.eco.br\/en\/bike-eletrica-vencedor\/#webpage"},"isPartOf":{"@id":"https:\/\/triciclo.eco.br\/en\/bike-eletrica-vencedor\/#webpage"},"articleSection":"Blog, conta, digital, dinheiro, pagbank, pagseguro, reciclagem, uol"},{"@type":"BreadcrumbList","@id":"https:\/\/triciclo.eco.br\/en\/bike-eletrica-vencedor\/#breadcrumblist","itemListElement":[{"@type":"ListItem","@id":"https:\/\/triciclo.eco.br\/en#listItem","position":1,"name":"In\u00edcio","item":"https:\/\/triciclo.eco.br\/en","nextItem":{"@type":"ListItem","@id":"https:\/\/triciclo.eco.br\/en\/category\/blog\/#listItem","name":"Blog"}},{"@type":"ListItem","@id":"https:\/\/triciclo.eco.br\/en\/category\/blog\/#listItem","position":2,"name":"Blog","item":"https:\/\/triciclo.eco.br\/en\/category\/blog\/","nextItem":{"@type":"ListItem","@id":"https:\/\/triciclo.eco.br\/en\/bike-eletrica-vencedor\/#listItem","name":"Campanha premiada da Triciclo e Prolata chega a um vencedor"},"previousItem":{"@type":"ListItem","@id":"https:\/\/triciclo.eco.br\/en#listItem","name":"In\u00edcio"}},{"@type":"ListItem","@id":"https:\/\/triciclo.eco.br\/en\/bike-eletrica-vencedor\/#listItem","position":3,"name":"Campanha premiada da Triciclo e Prolata chega a um vencedor","previousItem":{"@type":"ListItem","@id":"https:\/\/triciclo.eco.br\/en\/category\/blog\/#listItem","name":"Blog"}}]},{"@type":"Organization","@id":"https:\/\/triciclo.eco.br\/en\/#organization","name":"Ambipar Triciclo Solu\u00e7\u00f5es Sustent\u00e1veis","description":"Solu\u00e7\u00f5es Sustent\u00e1veis","url":"https:\/\/triciclo.eco.br\/en\/","telephone":"+551134295050","logo":{"@type":"ImageObject","url":"https:\/\/triciclo.eco.br\/wp-content\/uploads\/2023\/08\/Triciclo.jpg","@id":"https:\/\/triciclo.eco.br\/en\/bike-eletrica-vencedor\/#organizationLogo","width":113,"height":113},"image":{"@id":"https:\/\/triciclo.eco.br\/en\/bike-eletrica-vencedor\/#organizationLogo"},"sameAs":["https:\/\/www.facebook.com\/ambipar.triciclo","https:\/\/twitter.com\/AmbiparTriciclo","https:\/\/www.instagram.com\/triciclo_retornamachine\/","https:\/\/www.youtube.com\/@TricicloSolucoesSustentaveis","https:\/\/www.linkedin.com\/company\/triciclo-solues-sustentveis\/"]},{"@type":"Person","@id":"https:\/\/triciclo.eco.br\/en\/author\/triciclo\/#author","url":"https:\/\/triciclo.eco.br\/en\/author\/triciclo\/","name":"Triciclo","image":{"@type":"ImageObject","@id":"https:\/\/triciclo.eco.br\/en\/bike-eletrica-vencedor\/#authorImage","url":"https:\/\/secure.gravatar.com\/avatar\/8031027e39acb0f958577a55663464ac1cd1ffb991a23bf69b3ffbe38b0ecfbf?s=96&d=mm&r=g","width":96,"height":96,"caption":"Triciclo"}},{"@type":"WebPage","@id":"https:\/\/triciclo.eco.br\/en\/bike-eletrica-vencedor\/#webpage","url":"https:\/\/triciclo.eco.br\/en\/bike-eletrica-vencedor\/","name":"Campanha premiada da Triciclo e Prolata chega a um vencedor - Ambipar Triciclo","description":"Campanha premiada da Triciclo e Prolata chega a um vencedor A bike el\u00e9trica finalmente chegou at\u00e9 seu ganhador, Marcio Marcelino, que nos conta um pouco mais sobre sua rotina de reciclagem S\u00e3o Paulo, 17 de dezembro de 2020 - A Triciclo, em parceria com a Prolata, decidiu iniciar uma campanha premiada em 2020.","inLanguage":"en-US","isPartOf":{"@id":"https:\/\/triciclo.eco.br\/en\/#website"},"breadcrumb":{"@id":"https:\/\/triciclo.eco.br\/en\/bike-eletrica-vencedor\/#breadcrumblist"},"author":{"@id":"https:\/\/triciclo.eco.br\/en\/author\/triciclo\/#author"},"creator":{"@id":"https:\/\/triciclo.eco.br\/en\/author\/triciclo\/#author"},"image":{"@type":"ImageObject","url":"https:\/\/triciclo.eco.br\/wp-content\/uploads\/2020\/12\/Bike-El\u00e9trica-Vencedor.png","@id":"https:\/\/triciclo.eco.br\/en\/bike-eletrica-vencedor\/#mainImage","width":1200,"height":720,"caption":"Foto vencedor da bike el\u00e9trica"},"primaryImageOfPage":{"@id":"https:\/\/triciclo.eco.br\/en\/bike-eletrica-vencedor\/#mainImage"},"datePublished":"2020-12-17T11:35:37-03:00","dateModified":"2021-04-12T09:42:33-03:00"},{"@type":"WebSite","@id":"https:\/\/triciclo.eco.br\/en\/#website","url":"https:\/\/triciclo.eco.br\/en\/","name":"Ambipar Triciclo","alternateName":"Triciclo","description":"Solu\u00e7\u00f5es Sustent\u00e1veis","inLanguage":"en-US","publisher":{"@id":"https:\/\/triciclo.eco.br\/en\/#organization"}}]},"og:locale":"en_US","og:site_name":"Ambipar Triciclo - Solu\u00e7\u00f5es Sustent\u00e1veis","og:type":"article","og:title":"Campanha premiada da Triciclo e Prolata chega a um vencedor - Ambipar Triciclo","og:description":"Campanha premiada da Triciclo e Prolata chega a um vencedor A bike el\u00e9trica finalmente chegou at\u00e9 seu ganhador, Marcio Marcelino, que nos conta um pouco mais sobre sua rotina de reciclagem S\u00e3o Paulo, 17 de dezembro de 2020 - A Triciclo, em parceria com a Prolata, decidiu iniciar uma campanha premiada em 2020.","og:url":"https:\/\/triciclo.eco.br\/en\/bike-eletrica-vencedor\/","og:image":"https:\/\/triciclo.eco.br\/wp-content\/uploads\/2023\/08\/triciclo-logo-1.png","og:image:secure_url":"https:\/\/triciclo.eco.br\/wp-content\/uploads\/2023\/08\/triciclo-logo-1.png","og:image:width":200,"og:image:height":200,"article:published_time":"2020-12-17T14:35:37+00:00","article:modified_time":"2021-04-12T12:42:33+00:00","article:publisher":"https:\/\/www.facebook.com\/ambipar.triciclo","twitter:card":"summary_large_image","twitter:site":"@AmbiparTriciclo","twitter:title":"Campanha premiada da Triciclo e Prolata chega a um vencedor - Ambipar Triciclo","twitter:description":"Campanha premiada da Triciclo e Prolata chega a um vencedor A bike el\u00e9trica finalmente chegou at\u00e9 seu ganhador, Marcio Marcelino, que nos conta um pouco mais sobre sua rotina de reciclagem S\u00e3o Paulo, 17 de dezembro de 2020 - A Triciclo, em parceria com a Prolata, decidiu iniciar uma campanha premiada em 2020.","twitter:creator":"@AmbiparTriciclo","twitter:image":"https:\/\/triciclo.eco.br\/wp-content\/uploads\/2023\/08\/Triciclo.jpg"},"aioseo_meta_data":{"post_id":"227415","title":null,"description":null,"keywords":null,"keyphrases":null,"primary_term":null,"canonical_url":null,"og_title":null,"og_description":null,"og_object_type":"default","og_image_type":"default","og_image_url":null,"og_image_width":null,"og_image_height":null,"og_image_custom_url":null,"og_image_custom_fields":null,"og_video":null,"og_custom_url":null,"og_article_section":null,"og_article_tags":null,"twitter_use_og":false,"twitter_card":"default","twitter_image_type":"default","twitter_image_url":null,"twitter_image_custom_url":null,"twitter_image_custom_fields":null,"twitter_title":null,"twitter_description":null,"schema":{"blockGraphs":[],"customGraphs":[],"default":{"data":{"Article":[],"Course":[],"Dataset":[],"FAQPage":[],"Movie":[],"Person":[],"Product":[],"ProductReview":[],"Car":[],"Recipe":[],"Service":[],"SoftwareApplication":[],"WebPage":[]},"graphName":"","isEnabled":true},"graphs":[]},"schema_type":"default","schema_type_options":null,"pillar_content":false,"robots_default":true,"robots_noindex":false,"robots_noarchive":false,"robots_nosnippet":false,"robots_nofollow":false,"robots_noimageindex":false,"robots_noodp":false,"robots_notranslate":false,"robots_max_snippet":null,"robots_max_videopreview":null,"robots_max_imagepreview":"large","priority":null,"frequency":null,"local_seo":null,"breadcrumb_settings":null,"limit_modified_date":false,"ai":null,"created":"2023-08-29 18:08:53","updated":"2025-08-01 16:05:30","focus_keyword":null,"additional_keywords":null,"truseo_locale":null,"seo_analyzer_scan_date":null},"aioseo_breadcrumb":"<div class=\"aioseo-breadcrumbs\"><span class=\"aioseo-breadcrumb\">\n\t\t\t<a href=\"https:\/\/triciclo.eco.br\/en\" title=\"In\u00edcio\">In\u00edcio<\/a>\n\t\t<\/span><span class=\"aioseo-breadcrumb-separator\">&raquo;<\/span><span class=\"aioseo-breadcrumb\">\n\t\t\t<a href=\"https:\/\/triciclo.eco.br\/en\/category\/blog\/\" title=\"Blog\">Blog<\/a>\n\t\t<\/span><span class=\"aioseo-breadcrumb-separator\">&raquo;<\/span><span class=\"aioseo-breadcrumb\">\n\t\t\tCampanha premiada da Triciclo e Prolata chega a um vencedor\n\t\t<\/span><\/div>","aioseo_breadcrumb_json":[{"label":"In\u00edcio","link":"https:\/\/triciclo.eco.br\/en"},{"label":"Blog","link":"https:\/\/triciclo.eco.br\/en\/category\/blog\/"},{"label":"Campanha premiada da Triciclo e Prolata chega a um vencedor","link":"https:\/\/triciclo.eco.br\/en\/bike-eletrica-vencedor\/"}],"jetpack_sharing_enabled":true,"jetpack_featured_media_url":"https:\/\/triciclo.eco.br\/wp-content\/uploads\/2020\/12\/Bike-El\u00e9trica-Vencedor.png","_links":{"self":[{"href":"https:\/\/triciclo.eco.br\/en\/wp-json\/wp\/v2\/posts\/227415","targetHints":{"allow":["GET"]}}],"collection":[{"href":"https:\/\/triciclo.eco.br\/en\/wp-json\/wp\/v2\/posts"}],"about":[{"href":"https:\/\/triciclo.eco.br\/en\/wp-json\/wp\/v2\/types\/post"}],"author":[{"embeddable":true,"href":"https:\/\/triciclo.eco.br\/en\/wp-json\/wp\/v2\/users\/2"}],"replies":[{"embeddable":true,"href":"https:\/\/triciclo.eco.br\/en\/wp-json\/wp\/v2\/comments?post=227415"}],"version-history":[{"count":4,"href":"https:\/\/triciclo.eco.br\/en\/wp-json\/wp\/v2\/posts\/227415\/revisions"}],"predecessor-version":[{"id":227437,"href":"https:\/\/triciclo.eco.br\/en\/wp-json\/wp\/v2\/posts\/227415\/revisions\/227437"}],"wp:featuredmedia":[{"embeddable":true,"href":"https:\/\/triciclo.eco.br\/en\/wp-json\/wp\/v2\/media\/227427"}],"wp:attachment":[{"href":"https:\/\/triciclo.eco.br\/en\/wp-json\/wp\/v2\/media?parent=227415"}],"wp:term":[{"taxonomy":"category","embeddable":true,"href":"https:\/\/triciclo.eco.br\/en\/wp-json\/wp\/v2\/categories?post=227415"},{"taxonomy":"post_tag","embeddable":true,"href":"https:\/\/triciclo.eco.br\/en\/wp-json\/wp\/v2\/tags?post=227415"}],"curies":[{"name":"wp","href":"https:\/\/api.w.org\/{rel}","templated":true}]}}