{"id":229723,"date":"2022-10-25T15:44:01","date_gmt":"2022-10-25T18:44:01","guid":{"rendered":"https:\/\/triciclo.eco.br\/?p=229723"},"modified":"2022-10-26T13:40:28","modified_gmt":"2022-10-26T16:40:28","slug":"ambipar-triciclo-apoia-projeto-restaura-brasil-da-the-nature-conservancy","status":"publish","type":"post","link":"https:\/\/triciclo.eco.br\/en\/ambipar-triciclo-apoia-projeto-restaura-brasil-da-the-nature-conservancy\/","title":{"rendered":"Ambipar Triciclo apoia projeto Restaura Brasil (TNC) de reflorestamento"},"content":{"rendered":"<p>[et_pb_section fb_built=&#8221;1&#8243; _builder_version=&#8221;4.16&#8243; global_colors_info=&#8221;{}&#8221;][et_pb_row _builder_version=&#8221;4.16&#8243; background_size=&#8221;initial&#8221; background_position=&#8221;top_left&#8221; background_repeat=&#8221;repeat&#8221; global_colors_info=&#8221;{}&#8221;][et_pb_column type=&#8221;4_4&#8243; _builder_version=&#8221;4.16&#8243; custom_padding=&#8221;|||&#8221; global_colors_info=&#8221;{}&#8221; custom_padding__hover=&#8221;|||&#8221;][et_pb_testimonial quote_icon_color=&#8221;#c1d22a&#8221; quote_icon_background_color=&#8221;#FFFFFF&#8221; font_icon=&#8221;&#xe06a;||divi||400&#8243; use_icon_font_size=&#8221;on&#8221; icon_font_size=&#8221;45px&#8221; _builder_version=&#8221;4.17.3&#8243; _module_preset=&#8221;default&#8221; body_font_size=&#8221;18px&#8221; body_line_height=&#8221;1.3em&#8221; author_font=&#8221;|800|||||||&#8221; author_font_size=&#8221;16px&#8221; company_font=&#8221;|600|||||||&#8221; text_orientation=&#8221;center&#8221; global_colors_info=&#8221;{}&#8221;]<\/p>\n<p><span><\/span><\/p>\n<p><strong>S\u00f3 um coletivo organizado de institui\u00e7\u00f5es p\u00fablicas e privadas, com a colabora\u00e7\u00e3o de pessoas atuantes, \u00e9 capaz de criar uma onda de restaura\u00e7\u00e3o em larga escala no pa\u00eds.<\/strong><\/p>\n<p><span><\/span><\/p>\n<p><span><img loading=\"lazy\" decoding=\"async\" src=\"https:\/\/triciclo.eco.br\/wp-content\/uploads\/2022\/10\/Restaura-Brasil-TNC-300x58.png\" width=\"245\" height=\"43\" alt=\"\" class=\"wp-image-229735 alignnone size-medium\" \/><\/span><\/p>\n<p>[\/et_pb_testimonial][et_pb_text _builder_version=&#8221;4.17.3&#8243; background_size=&#8221;initial&#8221; background_position=&#8221;top_left&#8221; background_repeat=&#8221;repeat&#8221; hover_enabled=&#8221;0&#8243; global_colors_info=&#8221;{}&#8221; sticky_enabled=&#8221;0&#8243;]<\/p>\n<p>A Ambipar Triciclo apoia a campanha <a title=\"Restaura Brasil\" href=\"https:\/\/www.tnc.org.br\/o-que-fazemos\/nossas-iniciativas\/restaura-brasil\/\" target=\"_blank\" rel=\"noopener\"><strong>Restaura Brasil<\/strong><\/a> da organiza\u00e7\u00e3o n\u00e3o governamental <a title=\"The Nature Conservancy\" href=\"https:\/\/www.tnc.org.br\/\" target=\"_blank\" rel=\"noopener\"><strong>The Nature Conservancy<\/strong><\/a>. Al\u00e9m disso, o projeto de restaura\u00e7\u00e3o florestal est\u00e1 dispon\u00edvel em no sistema e equipamentos Triciclo para que todos possam doar igualmente \u00e0s outras institui\u00e7\u00f5es filantr\u00f3picas: doando suas tricoins.<\/p>\n<p>A iniciativa da parceria se deu com as novas instala\u00e7\u00f5es de tr\u00eas <strong>Retorna Machines<\/strong> em f\u00e1bricas da <strong><a title=\"Ambev\" href=\"https:\/\/www.ambev.com.br\/\" target=\"_blank\" rel=\"noopener\">Ambev<\/a><\/strong> nas cidades Jacare\u00ed e Jaguari\u00fana, no interior de S\u00e3o Paulo e em Campo Grande, no Rio de Janeiro. Estes equipamentos d\u00e3o exclusividade de doa\u00e7\u00f5es para o projeto da TNC, enquanto nos demais equipamentos Triciclo se tornou uma nova op\u00e7\u00e3o de apoio para os usu\u00e1rios.<\/p>\n<p>O <strong>Restaura Brasil<\/strong> \u00e9 uma campanha da<strong> The Nature Conservancy (TNC)<\/strong> para mobilizar pessoas e empresas em um movimento coletivo para restaurar 1 bilh\u00e3o de \u00e1rvores no pa\u00eds at\u00e9 2030 e contribuir para que o governo brasileiro alcance sua meta de mitiga\u00e7\u00e3o \u00e0s mudan\u00e7as clim\u00e1ticas no Acordo de Paris.<\/p>\n<p>A restaura\u00e7\u00e3o florestal \u00e9 uma das maiores oportunidade para minimizar as mudan\u00e7as clim\u00e1ticas. Limitar o aumento da temperatura terrestre at\u00e9 1,5\u00baC \u00e9 um dos seus objetivos.<\/p>\n<p><strong>A The Nature Conservancy<\/strong><\/p>\n<p>Desde 1951, a TNC \u00e9 uma organiza\u00e7\u00e3o internacional, sem fins lucrativos, l\u00edder na conserva\u00e7\u00e3o da biodiversidade e do meio ambiente, cuja miss\u00e3o \u00e9 conservar plantas, animais e comunidades naturais que representam a diversidade da vida na Terra, protegendo espa\u00e7os que necess\u00e1rios para sobreviv\u00eancia.<\/p>\n<p>[\/et_pb_text][et_pb_testimonial author=&#8221;Mark Tercek&#8221; job_title=&#8221;Ex-Presidente e CEO&#8221; company_name=&#8221;The Nature Conservancy&#8221; quote_icon_color=&#8221;#c1d22a&#8221; quote_icon_background_color=&#8221;#FFFFFF&#8221; font_icon=&#8221;&#xe06a;||divi||400&#8243; use_icon_font_size=&#8221;on&#8221; icon_font_size=&#8221;45px&#8221; _builder_version=&#8221;4.17.3&#8243; _module_preset=&#8221;default&#8221; body_font_size=&#8221;18px&#8221; body_line_height=&#8221;1.3em&#8221; author_font=&#8221;|800|||||||&#8221; author_font_size=&#8221;16px&#8221; company_font=&#8221;|600|||||||&#8221; text_orientation=&#8221;center&#8221; global_colors_info=&#8221;{}&#8221;]<\/p>\n<p><span><\/span><strong>A TNC \u00e9 conhecida por seu estilo pragm\u00e1tico e inclusivo. N\u00f3s temos orgulho das parcerias que constru\u00edmos, mas precisamos de ainda mais pessoas ao nosso lado, para proteger as terras e \u00e1guas das quais toda a vida depende.<\/strong><\/p>\n<p>[\/et_pb_testimonial][\/et_pb_column][\/et_pb_row][\/et_pb_section]<\/p>\n","protected":false},"excerpt":{"rendered":"<p>A Ambipar Triciclo apoia a campanha Restaura Brasil da organiza\u00e7\u00e3o n\u00e3o governamental The Nature Conservancy. Al\u00e9m disso, o projeto de restaura\u00e7\u00e3o florestal est\u00e1 dispon\u00edvel em no sistema e equipamentos Triciclo para que todos possam doar igualmente \u00e0s outras institui\u00e7\u00f5es filantr\u00f3picas: doando suas tricoins. A iniciativa da parceria se deu com as novas instala\u00e7\u00f5es de tr\u00eas Retorna Machines em f\u00e1bricas da Ambev nas cidades Jacare\u00ed e Jaguari\u00fana, no interior de S\u00e3o Paulo e em Campo Grande, no Rio de Janeiro. Estes equipamentos d\u00e3o exclusividade de doa\u00e7\u00f5es para o projeto da TNC, enquanto nos demais equipamentos Triciclo se tornou uma nova op\u00e7\u00e3o de apoio para os usu\u00e1rios.<\/p>","protected":false},"author":2,"featured_media":229732,"comment_status":"open","ping_status":"closed","sticky":false,"template":"","format":"standard","meta":{"_et_pb_use_builder":"on","_et_pb_old_content":"<p>\"S\u00f3 um coletivo organizado de institui\u00e7\u00f5es p\u00fablicas e privadas, com a colabora\u00e7\u00e3o de pessoas atuantes, \u00e9 capaz de criar uma onda de restaura\u00e7\u00e3o em larga escala no pa\u00eds.\"<\/p><p>O Restaura Brasil \u00e9 uma campanha da The Nature Conservancy (TNC) para mobilizar pessoas e empresas em um movimento coletivo para restaurar 1 bilh\u00e3o de \u00e1rvores no pa\u00eds at\u00e9 2030 e contribuir para que o governo brasileiro alcance sua meta de mitiga\u00e7\u00e3o \u00e0s mudan\u00e7as clim\u00e1ticas no Acordo de Paris.<\/p><p>A restaura\u00e7\u00e3o florestal \u00e9 uma das maiores oportunidade para minimizar as mudan\u00e7as clim\u00e1ticas. Temos que limitar o aumento da temperatura terrestre at\u00e9 1,5\u00baC.<\/p><p>POR QUE RESTAURAR ?<br \/>A vegeta\u00e7\u00e3o natural tem um papel essencial no ciclo da \u00e1gua e na estabiliza\u00e7\u00e3o clim\u00e1tica, al\u00e9m de fornecer alimento, mat\u00e9ria-prima para diversos setores e um ambiente rico em plantas e animais. Para alcan\u00e7ar os compromissos do pa\u00eds no Acordo de Paris \u00e9 preciso acelerar a restaura\u00e7\u00e3o florestal no Brasil, com o engajamento de toda a sociedade.<\/p><p>A The Nature Conservancy (TNC) ajudou na formula\u00e7\u00e3o da pol\u00edtica e do plano nacional de restaura\u00e7\u00e3o da vegeta\u00e7\u00e3o nativa (PLANAVEG) e foi eleita uma das quatro institui\u00e7\u00f5es da sociedade civil a compor o Comit\u00ea Nacional para Recupera\u00e7\u00e3o da Vegeta\u00e7\u00e3o Nativa.<\/p>","_et_gb_content_width":"","_jetpack_memberships_contains_paid_content":false,"footnotes":""},"categories":[8],"tags":[189,197,142,195,199,196,198,200,29],"class_list":["post-229723","post","type-post","status-publish","format-standard","has-post-thumbnail","hentry","category-blog","tag-ambipar","tag-ambipar-triciclo","tag-doacao","tag-instituicoes-de-apoio","tag-restaura-brasil","tag-restauracao-florestal","tag-the-nature-conservancy","tag-tnc","tag-triciclo"],"aioseo_notices":[],"jetpack_featured_media_url":"https:\/\/triciclo.eco.br\/wp-content\/uploads\/2022\/10\/News-TNC.jpg","jetpack_sharing_enabled":true,"_links":{"self":[{"href":"https:\/\/triciclo.eco.br\/en\/wp-json\/wp\/v2\/posts\/229723","targetHints":{"allow":["GET"]}}],"collection":[{"href":"https:\/\/triciclo.eco.br\/en\/wp-json\/wp\/v2\/posts"}],"about":[{"href":"https:\/\/triciclo.eco.br\/en\/wp-json\/wp\/v2\/types\/post"}],"author":[{"embeddable":true,"href":"https:\/\/triciclo.eco.br\/en\/wp-json\/wp\/v2\/users\/2"}],"replies":[{"embeddable":true,"href":"https:\/\/triciclo.eco.br\/en\/wp-json\/wp\/v2\/comments?post=229723"}],"version-history":[{"count":13,"href":"https:\/\/triciclo.eco.br\/en\/wp-json\/wp\/v2\/posts\/229723\/revisions"}],"predecessor-version":[{"id":229769,"href":"https:\/\/triciclo.eco.br\/en\/wp-json\/wp\/v2\/posts\/229723\/revisions\/229769"}],"wp:featuredmedia":[{"embeddable":true,"href":"https:\/\/triciclo.eco.br\/en\/wp-json\/wp\/v2\/media\/229732"}],"wp:attachment":[{"href":"https:\/\/triciclo.eco.br\/en\/wp-json\/wp\/v2\/media?parent=229723"}],"wp:term":[{"taxonomy":"category","embeddable":true,"href":"https:\/\/triciclo.eco.br\/en\/wp-json\/wp\/v2\/categories?post=229723"},{"taxonomy":"post_tag","embeddable":true,"href":"https:\/\/triciclo.eco.br\/en\/wp-json\/wp\/v2\/tags?post=229723"}],"curies":[{"name":"wp","href":"https:\/\/api.w.org\/{rel}","templated":true}]}}