{"id":230942,"date":"2023-06-20T13:18:50","date_gmt":"2023-06-20T16:18:50","guid":{"rendered":"https:\/\/triciclo.eco.br\/?p=230942"},"modified":"2023-06-20T13:20:55","modified_gmt":"2023-06-20T16:20:55","slug":"em-parceria-com-a-rede-amazonica-foram-instaladas-novas-retornas-em-manaus","status":"publish","type":"post","link":"https:\/\/triciclo.eco.br\/en\/em-parceria-com-a-rede-amazonica-foram-instaladas-novas-retornas-em-manaus\/","title":{"rendered":"Em parceria com a Rede Amaz\u00f4nica, foram instaladas novas Retornas em Manaus"},"content":{"rendered":"<p>[et_pb_section fb_built=&#8221;1&#8243; _builder_version=&#8221;4.16&#8243; global_colors_info=&#8221;{}&#8221; theme_builder_area=&#8221;post_content&#8221;][et_pb_row _builder_version=&#8221;4.17.3&#8243; background_size=&#8221;initial&#8221; background_position=&#8221;top_left&#8221; background_repeat=&#8221;repeat&#8221; global_colors_info=&#8221;{}&#8221; theme_builder_area=&#8221;post_content&#8221;][et_pb_column type=&#8221;4_4&#8243; _builder_version=&#8221;4.16&#8243; custom_padding=&#8221;|||&#8221; global_colors_info=&#8221;{}&#8221; custom_padding__hover=&#8221;|||&#8221; theme_builder_area=&#8221;post_content&#8221;][et_pb_text _builder_version=&#8221;4.20.2&#8243; background_size=&#8221;initial&#8221; background_position=&#8221;top_left&#8221; background_repeat=&#8221;repeat&#8221; global_colors_info=&#8221;{}&#8221; theme_builder_area=&#8221;post_content&#8221;]<\/p>\n<p><strong>S\u00e3o Paulo, 20 de junho de 2023 \u2013 <\/strong>Nossa grande parceria com a\u00a0<a href=\"https:\/\/www.linkedin.com\/company\/redeamazonica\/\" data-auth=\"NotApplicable\">Rede Amaz\u00f4nica<\/a> (FRAM) possibilitou a instala\u00e7\u00e3o de 30 Retorna Machines na capital do Amazonas, refor\u00e7ando nosso compromisso em disponibilizar ao m\u00e1ximo de pessoas o acesso a solu\u00e7\u00f5es e pol\u00edticas sustent\u00e1veis.<\/p>\n<p class=\"x_MsoNormal\"><br aria-hidden=\"true\" \/>As Retorna\u2019s em Manaus est\u00e3o preparadas para receber 6 tipos de res\u00edduos, o pl\u00e1stico PET, alum\u00ednio, a\u00e7o, embalagens longa vida, vidro e embalagens de pl\u00e1stico PP e PE. Ap\u00f3s cria\u00e7\u00e3o da conta Ambipar Triciclo, o usu\u00e1rio pode levar suas embalagens p\u00f3s consumo at\u00e9 a Retorna mais pr\u00f3xima, reciclar, acumular pontos e trocar por benef\u00edcios como cr\u00e9dito de celular, saldo em conta digital Pagbank e Mercado Pago.<br aria-hidden=\"true\" \/>A primeira Retorna da regi\u00e3o foi instalada no complexo do Grupo Rede Amaz\u00f4nica (GRAM) e as demais no Shopping Studio 5 e a Rede de\u00a0<a href=\"https:\/\/www.linkedin.com\/company\/supermercados-db\/\" data-auth=\"NotApplicable\">SUPERMERCADOS DB<\/a>\u00a0.<\/p>\n<p class=\"x_MsoNormal\">\n<p class=\"x_MsoNormal\">O papel da Ambipar Triciclo com as Retorna Machines \u00e9 realizar todo processo de coleta, transporte e destina\u00e7\u00e3o dos recicl\u00e1veis, al\u00e9m da gest\u00e3o de pontua\u00e7\u00e3o e troca das moedas tricoins.\u00a0Atualmente, a empresa possui\u00a0<b>mais de 400 pontos<\/b>\u00a0de coleta espalhados pelo Brasil, j\u00e1 coletou mais de\u00a0<b>25 milh\u00f5es de embalagens<\/b>\u00a0, superou seus \u00a0<b>240 mil usu\u00e1rios<\/b>\u00a0em seu programa de fidelidade e\u00a0<b>esta presente em 14 capitais no Brasil<\/b>. Agora tamb\u00e9m em Manaus.\u00a0Finalmente nossa expans\u00e3o chegou at\u00e9 o norte do Brasil, no estado s\u00edmbolo da biodiversidade nacional.<\/p>\n<p>[\/et_pb_text][\/et_pb_column][\/et_pb_row][et_pb_row _builder_version=&#8221;4.20.2&#8243; _module_preset=&#8221;default&#8221; global_colors_info=&#8221;{}&#8221; theme_builder_area=&#8221;post_content&#8221;][et_pb_column type=&#8221;4_4&#8243; _builder_version=&#8221;4.20.2&#8243; _module_preset=&#8221;default&#8221; global_colors_info=&#8221;{}&#8221; theme_builder_area=&#8221;post_content&#8221;][difl_imagecarousel use_lightbox=&#8221;on&#8221; use_lightbox_caption=&#8221;on&#8221; vertical_align=&#8221;center&#8221; image_scale=&#8221;on&#8221; content_hover=&#8221;on&#8221; anim_direction=&#8221;center&#8221; _builder_version=&#8221;4.20.2&#8243; _module_preset=&#8221;default&#8221; caption_font=&#8221;Montserrat|700|||||||&#8221; caption_text_align=&#8221;center&#8221; caption_text_color=&#8221;#FFFFFF&#8221; locked=&#8221;off&#8221; global_colors_info=&#8221;{}&#8221; ic_overlay_background_bgcolor__hover_enabled=&#8221;on|hover&#8221; ic_overlay_background_bgcolor__hover=&#8221;rgba(0,0,0,0.31)&#8221; theme_builder_area=&#8221;post_content&#8221;][difl_imagecarouselitem admin_label=&#8221;Rede Amaz\u00f4nica&#8221; image=&#8221;https:\/\/triciclo.eco.br\/wp-content\/uploads\/2023\/06\/Rede-Amazonica-01.jpg&#8221; alt_text=&#8221;Rede Amaz\u00f4nica&#8221; caption=&#8221;Rede Amaz\u00f4nica&#8221; ic_button_button_url_new_window=&#8221;1&#8243; _builder_version=&#8221;4.20.2&#8243; _module_preset=&#8221;default&#8221; global_colors_info=&#8221;{}&#8221; theme_builder_area=&#8221;post_content&#8221;][\/difl_imagecarouselitem][difl_imagecarouselitem admin_label=&#8221;DB  Mutir\u00e3o&#8221; image=&#8221;https:\/\/triciclo.eco.br\/wp-content\/uploads\/2023\/06\/DB-Mutirao.jpg&#8221; alt_text=&#8221;DB  Mutir\u00e3o&#8221; caption=&#8221;DB  Mutir\u00e3o&#8221; ic_button_button_url_new_window=&#8221;1&#8243; _builder_version=&#8221;4.20.2&#8243; _module_preset=&#8221;default&#8221; global_colors_info=&#8221;{}&#8221; theme_builder_area=&#8221;post_content&#8221;][\/difl_imagecarouselitem][difl_imagecarouselitem admin_label=&#8221;RM Manaus &#8211; Emp\u00f3rio DB Elegance&#8221; image=&#8221;https:\/\/triciclo.eco.br\/wp-content\/uploads\/2023\/06\/Emporio-DB-Elegance.jpg&#8221; alt_text=&#8221;RM Manaus &#8211; Emp\u00f3rio DB Elegance&#8221; caption=&#8221;Emp\u00f3rio DB Elegance&#8221; ic_button_button_url_new_window=&#8221;1&#8243; _builder_version=&#8221;4.20.2&#8243; _module_preset=&#8221;default&#8221; global_colors_info=&#8221;{}&#8221; theme_builder_area=&#8221;post_content&#8221;][\/difl_imagecarouselitem][difl_imagecarouselitem admin_label=&#8221;RM Manaus &#8211; Hiper DB Compensa&#8221; image=&#8221;https:\/\/triciclo.eco.br\/wp-content\/uploads\/2023\/06\/Hiper-DB-Compensa.jpg&#8221; alt_text=&#8221;RM Manaus &#8211; Hiper DB Compensa&#8221; caption=&#8221;Hiper DB Compensa&#8221; ic_button_button_url_new_window=&#8221;1&#8243; _builder_version=&#8221;4.20.2&#8243; _module_preset=&#8221;default&#8221; global_colors_info=&#8221;{}&#8221; theme_builder_area=&#8221;post_content&#8221;][\/difl_imagecarouselitem][difl_imagecarouselitem admin_label=&#8221;RM Manaus &#8211; Emp\u00f3rio Ponta Negra&#8221; image=&#8221;https:\/\/triciclo.eco.br\/wp-content\/uploads\/2023\/06\/Emporio-Ponta-Negra.jpg&#8221; alt_text=&#8221;RM Manaus &#8211; Emp\u00f3rio Ponta Negra&#8221; caption=&#8221;Emp\u00f3rio DB Ponta Negra&#8221; ic_button_button_url_new_window=&#8221;1&#8243; _builder_version=&#8221;4.20.2&#8243; _module_preset=&#8221;default&#8221; global_colors_info=&#8221;{}&#8221; theme_builder_area=&#8221;post_content&#8221;][\/difl_imagecarouselitem][difl_imagecarouselitem admin_label=&#8221;RM Manaus &#8211; Hiper DB Coroado&#8221; image=&#8221;https:\/\/triciclo.eco.br\/wp-content\/uploads\/2023\/06\/Hiper-DB-Coroado.jpg&#8221; alt_text=&#8221;Hiper DB Coroado&#8221; caption=&#8221;Hiper DB Coroado&#8221; ic_button_button_url_new_window=&#8221;1&#8243; _builder_version=&#8221;4.20.2&#8243; _module_preset=&#8221;default&#8221; global_colors_info=&#8221;{}&#8221; theme_builder_area=&#8221;post_content&#8221;][\/difl_imagecarouselitem][difl_imagecarouselitem admin_label=&#8221;Hiper DB Distrito&#8221; image=&#8221;https:\/\/triciclo.eco.br\/wp-content\/uploads\/2023\/06\/Hiper-DB-Distrito.jpg&#8221; alt_text=&#8221;Hiper DB Distrtito&#8221; caption=&#8221;Hiper DB Distrito&#8221; ic_button_button_url_new_window=&#8221;1&#8243; _builder_version=&#8221;4.20.2&#8243; _module_preset=&#8221;default&#8221; global_colors_info=&#8221;{}&#8221; theme_builder_area=&#8221;post_content&#8221;][\/difl_imagecarouselitem][difl_imagecarouselitem admin_label=&#8221;Hiper DB Max Teixeira&#8221; image=&#8221;https:\/\/triciclo.eco.br\/wp-content\/uploads\/2023\/06\/Hiper-DB-Max-Teixeira.jpg&#8221; alt_text=&#8221;Hiper DB Max Teixeira&#8221; caption=&#8221;Hiper DB Max Teixeira&#8221; ic_button_button_url_new_window=&#8221;1&#8243; _builder_version=&#8221;4.20.2&#8243; _module_preset=&#8221;default&#8221; global_colors_info=&#8221;{}&#8221; theme_builder_area=&#8221;post_content&#8221;][\/difl_imagecarouselitem][\/difl_imagecarousel][\/et_pb_column][\/et_pb_row][\/et_pb_section]<\/p>\n","protected":false},"excerpt":{"rendered":"<p>S\u00e3o Paulo, 20 de junho de 2023 \u2013 Nossa grande parceria com a\u00a0Rede Amaz\u00f4nica (FRAM) possibilitou a instala\u00e7\u00e3o de 30 Retorna Machines na capital do Amazonas, refor\u00e7ando nosso compromisso em disponibilizar ao m\u00e1ximo de pessoas o acesso a solu\u00e7\u00f5es e pol\u00edticas sustent\u00e1veis. As Retorna\u2019s em Manaus est\u00e3o preparadas para receber 6 tipos de res\u00edduos, o [&hellip;]<\/p>\n","protected":false},"author":2,"featured_media":230927,"comment_status":"open","ping_status":"closed","sticky":false,"template":"","format":"standard","meta":{"_et_pb_use_builder":"on","_et_pb_old_content":"<p>\"S\u00f3 um coletivo organizado de institui\u00e7\u00f5es p\u00fablicas e privadas, com a colabora\u00e7\u00e3o de pessoas atuantes, \u00e9 capaz de criar uma onda de restaura\u00e7\u00e3o em larga escala no pa\u00eds.\"<\/p><p>O Restaura Brasil \u00e9 uma campanha da The Nature Conservancy (TNC) para mobilizar pessoas e empresas em um movimento coletivo para restaurar 1 bilh\u00e3o de \u00e1rvores no pa\u00eds at\u00e9 2030 e contribuir para que o governo brasileiro alcance sua meta de mitiga\u00e7\u00e3o \u00e0s mudan\u00e7as clim\u00e1ticas no Acordo de Paris.<\/p><p>A restaura\u00e7\u00e3o florestal \u00e9 uma das maiores oportunidade para minimizar as mudan\u00e7as clim\u00e1ticas. Temos que limitar o aumento da temperatura terrestre at\u00e9 1,5\u00baC.<\/p><p>POR QUE RESTAURAR ?<br \/>A vegeta\u00e7\u00e3o natural tem um papel essencial no ciclo da \u00e1gua e na estabiliza\u00e7\u00e3o clim\u00e1tica, al\u00e9m de fornecer alimento, mat\u00e9ria-prima para diversos setores e um ambiente rico em plantas e animais. Para alcan\u00e7ar os compromissos do pa\u00eds no Acordo de Paris \u00e9 preciso acelerar a restaura\u00e7\u00e3o florestal no Brasil, com o engajamento de toda a sociedade.<\/p><p>A The Nature Conservancy (TNC) ajudou na formula\u00e7\u00e3o da pol\u00edtica e do plano nacional de restaura\u00e7\u00e3o da vegeta\u00e7\u00e3o nativa (PLANAVEG) e foi eleita uma das quatro institui\u00e7\u00f5es da sociedade civil a compor o Comit\u00ea Nacional para Recupera\u00e7\u00e3o da Vegeta\u00e7\u00e3o Nativa.<\/p>","_et_gb_content_width":"","_jetpack_newsletter_access":"","_jetpack_dont_email_post_to_subs":false,"_jetpack_newsletter_tier_id":0,"_jetpack_memberships_contains_paywalled_content":false,"_jetpack_memberships_contains_paid_content":false,"footnotes":""},"categories":[8],"tags":[189,197,203,204],"class_list":["post-230942","post","type-post","status-publish","format-standard","has-post-thumbnail","hentry","category-blog","tag-ambipar","tag-ambipar-triciclo","tag-deixaki","tag-leroy-merlin"],"aioseo_notices":[],"aioseo_head":"\n\t\t<!-- All in One SEO 5.0.0.1 - aioseo.com -->\n\t<meta name=\"description\" content=\"S\u00e3o Paulo, 20 de junho de 2023 \u2013 Nossa grande parceria com a Rede Amaz\u00f4nica (FRAM) possibilitou a instala\u00e7\u00e3o de 30 Retorna Machines na capital do Amazonas, refor\u00e7ando nosso compromisso em disponibilizar ao m\u00e1ximo de pessoas o acesso a solu\u00e7\u00f5es e pol\u00edticas sustent\u00e1veis. As Retorna\u2019s em Manaus est\u00e3o preparadas para receber 6 tipos de res\u00edduos, o\" \/>\n\t<meta name=\"robots\" content=\"max-image-preview:large\" \/>\n\t<meta name=\"author\" content=\"Triciclo\"\/>\n\t<link rel=\"canonical\" href=\"https:\/\/triciclo.eco.br\/en\/em-parceria-com-a-rede-amazonica-foram-instaladas-novas-retornas-em-manaus\/\" \/>\n\t<meta name=\"generator\" content=\"All in One SEO (AIOSEO) 5.0.0.1\" \/>\n\t\t<meta property=\"og:locale\" content=\"en_US\" \/>\n\t\t<meta property=\"og:site_name\" content=\"Ambipar Triciclo - Solu\u00e7\u00f5es Sustent\u00e1veis\" \/>\n\t\t<meta property=\"og:type\" content=\"article\" \/>\n\t\t<meta property=\"og:title\" content=\"Em parceria com a Rede Amaz\u00f4nica, foram instaladas novas Retornas em Manaus - Ambipar Triciclo\" \/>\n\t\t<meta property=\"og:description\" content=\"S\u00e3o Paulo, 20 de junho de 2023 \u2013 Nossa grande parceria com a Rede Amaz\u00f4nica (FRAM) possibilitou a instala\u00e7\u00e3o de 30 Retorna Machines na capital do Amazonas, refor\u00e7ando nosso compromisso em disponibilizar ao m\u00e1ximo de pessoas o acesso a solu\u00e7\u00f5es e pol\u00edticas sustent\u00e1veis. As Retorna\u2019s em Manaus est\u00e3o preparadas para receber 6 tipos de res\u00edduos, o\" \/>\n\t\t<meta property=\"og:url\" content=\"https:\/\/triciclo.eco.br\/en\/em-parceria-com-a-rede-amazonica-foram-instaladas-novas-retornas-em-manaus\/\" \/>\n\t\t<meta property=\"og:image\" content=\"https:\/\/triciclo.eco.br\/wp-content\/uploads\/2023\/08\/triciclo-logo-1.png\" \/>\n\t\t<meta property=\"og:image:secure_url\" content=\"https:\/\/triciclo.eco.br\/wp-content\/uploads\/2023\/08\/triciclo-logo-1.png\" \/>\n\t\t<meta property=\"og:image:width\" content=\"200\" \/>\n\t\t<meta property=\"og:image:height\" content=\"200\" \/>\n\t\t<meta property=\"article:published_time\" content=\"2023-06-20T16:18:50+00:00\" \/>\n\t\t<meta property=\"article:modified_time\" content=\"2023-06-20T16:20:55+00:00\" \/>\n\t\t<meta property=\"article:publisher\" content=\"https:\/\/www.facebook.com\/ambipar.triciclo\" \/>\n\t\t<meta name=\"twitter:card\" content=\"summary_large_image\" \/>\n\t\t<meta name=\"twitter:site\" content=\"@AmbiparTriciclo\" \/>\n\t\t<meta name=\"twitter:title\" content=\"Em parceria com a Rede Amaz\u00f4nica, foram instaladas novas Retornas em Manaus - Ambipar Triciclo\" \/>\n\t\t<meta name=\"twitter:description\" content=\"S\u00e3o Paulo, 20 de junho de 2023 \u2013 Nossa grande parceria com a Rede Amaz\u00f4nica (FRAM) possibilitou a instala\u00e7\u00e3o de 30 Retorna Machines na capital do Amazonas, refor\u00e7ando nosso compromisso em disponibilizar ao m\u00e1ximo de pessoas o acesso a solu\u00e7\u00f5es e pol\u00edticas sustent\u00e1veis. As Retorna\u2019s em Manaus est\u00e3o preparadas para receber 6 tipos de res\u00edduos, o\" \/>\n\t\t<meta name=\"twitter:creator\" content=\"@AmbiparTriciclo\" \/>\n\t\t<meta name=\"twitter:image\" content=\"https:\/\/triciclo.eco.br\/wp-content\/uploads\/2023\/08\/Triciclo.jpg\" \/>\n\t\t<script type=\"application\/ld+json\" class=\"aioseo-schema\">\n\t\t\t{\"@context\":\"https:\\\/\\\/schema.org\",\"@graph\":[{\"@type\":\"BlogPosting\",\"@id\":\"https:\\\/\\\/triciclo.eco.br\\\/en\\\/em-parceria-com-a-rede-amazonica-foram-instaladas-novas-retornas-em-manaus\\\/#blogposting\",\"name\":\"Em parceria com a Rede Amaz\\u00f4nica, foram instaladas novas Retornas em Manaus - Ambipar Triciclo\",\"headline\":\"Em parceria com a Rede Amaz\\u00f4nica, foram instaladas novas Retornas em Manaus\",\"author\":{\"@id\":\"https:\\\/\\\/triciclo.eco.br\\\/en\\\/author\\\/triciclo\\\/#author\"},\"publisher\":{\"@id\":\"https:\\\/\\\/triciclo.eco.br\\\/en\\\/#organization\"},\"image\":{\"@type\":\"ImageObject\",\"url\":\"https:\\\/\\\/triciclo.eco.br\\\/wp-content\\\/uploads\\\/2023\\\/06\\\/IMG-20230606-WA0019-gigapixel-standard-scale-2_00x-2-scaled.jpg\",\"width\":2560,\"height\":1920,\"caption\":\"Retorna Machine - Rede Amaz\\u00f4nica\"},\"datePublished\":\"2023-06-20T13:18:50-03:00\",\"dateModified\":\"2023-06-20T13:20:55-03:00\",\"inLanguage\":\"en-US\",\"mainEntityOfPage\":{\"@id\":\"https:\\\/\\\/triciclo.eco.br\\\/en\\\/em-parceria-com-a-rede-amazonica-foram-instaladas-novas-retornas-em-manaus\\\/#webpage\"},\"isPartOf\":{\"@id\":\"https:\\\/\\\/triciclo.eco.br\\\/en\\\/em-parceria-com-a-rede-amazonica-foram-instaladas-novas-retornas-em-manaus\\\/#webpage\"},\"articleSection\":\"Blog, Ambipar, Ambipar Triciclo, Deixaki, Leroy Merlin\"},{\"@type\":\"BreadcrumbList\",\"@id\":\"https:\\\/\\\/triciclo.eco.br\\\/en\\\/em-parceria-com-a-rede-amazonica-foram-instaladas-novas-retornas-em-manaus\\\/#breadcrumblist\",\"itemListElement\":[{\"@type\":\"ListItem\",\"@id\":\"https:\\\/\\\/triciclo.eco.br\\\/en#listItem\",\"position\":1,\"name\":\"In\\u00edcio\",\"item\":\"https:\\\/\\\/triciclo.eco.br\\\/en\",\"nextItem\":{\"@type\":\"ListItem\",\"@id\":\"https:\\\/\\\/triciclo.eco.br\\\/en\\\/category\\\/blog\\\/#listItem\",\"name\":\"Blog\"}},{\"@type\":\"ListItem\",\"@id\":\"https:\\\/\\\/triciclo.eco.br\\\/en\\\/category\\\/blog\\\/#listItem\",\"position\":2,\"name\":\"Blog\",\"item\":\"https:\\\/\\\/triciclo.eco.br\\\/en\\\/category\\\/blog\\\/\",\"nextItem\":{\"@type\":\"ListItem\",\"@id\":\"https:\\\/\\\/triciclo.eco.br\\\/en\\\/em-parceria-com-a-rede-amazonica-foram-instaladas-novas-retornas-em-manaus\\\/#listItem\",\"name\":\"Em parceria com a Rede Amaz\\u00f4nica, foram instaladas novas Retornas em Manaus\"},\"previousItem\":{\"@type\":\"ListItem\",\"@id\":\"https:\\\/\\\/triciclo.eco.br\\\/en#listItem\",\"name\":\"In\\u00edcio\"}},{\"@type\":\"ListItem\",\"@id\":\"https:\\\/\\\/triciclo.eco.br\\\/en\\\/em-parceria-com-a-rede-amazonica-foram-instaladas-novas-retornas-em-manaus\\\/#listItem\",\"position\":3,\"name\":\"Em parceria com a Rede Amaz\\u00f4nica, foram instaladas novas Retornas em Manaus\",\"previousItem\":{\"@type\":\"ListItem\",\"@id\":\"https:\\\/\\\/triciclo.eco.br\\\/en\\\/category\\\/blog\\\/#listItem\",\"name\":\"Blog\"}}]},{\"@type\":\"Organization\",\"@id\":\"https:\\\/\\\/triciclo.eco.br\\\/en\\\/#organization\",\"name\":\"Ambipar Triciclo Solu\\u00e7\\u00f5es Sustent\\u00e1veis\",\"description\":\"Solu\\u00e7\\u00f5es Sustent\\u00e1veis\",\"url\":\"https:\\\/\\\/triciclo.eco.br\\\/en\\\/\",\"telephone\":\"+551134295050\",\"logo\":{\"@type\":\"ImageObject\",\"url\":\"https:\\\/\\\/triciclo.eco.br\\\/wp-content\\\/uploads\\\/2023\\\/08\\\/Triciclo.jpg\",\"@id\":\"https:\\\/\\\/triciclo.eco.br\\\/en\\\/em-parceria-com-a-rede-amazonica-foram-instaladas-novas-retornas-em-manaus\\\/#organizationLogo\",\"width\":113,\"height\":113},\"image\":{\"@id\":\"https:\\\/\\\/triciclo.eco.br\\\/en\\\/em-parceria-com-a-rede-amazonica-foram-instaladas-novas-retornas-em-manaus\\\/#organizationLogo\"},\"sameAs\":[\"https:\\\/\\\/www.facebook.com\\\/ambipar.triciclo\",\"https:\\\/\\\/twitter.com\\\/AmbiparTriciclo\",\"https:\\\/\\\/www.instagram.com\\\/triciclo_retornamachine\\\/\",\"https:\\\/\\\/www.youtube.com\\\/@TricicloSolucoesSustentaveis\",\"https:\\\/\\\/www.linkedin.com\\\/company\\\/triciclo-solues-sustentveis\\\/\"]},{\"@type\":\"Person\",\"@id\":\"https:\\\/\\\/triciclo.eco.br\\\/en\\\/author\\\/triciclo\\\/#author\",\"url\":\"https:\\\/\\\/triciclo.eco.br\\\/en\\\/author\\\/triciclo\\\/\",\"name\":\"Triciclo\",\"image\":{\"@type\":\"ImageObject\",\"@id\":\"https:\\\/\\\/triciclo.eco.br\\\/en\\\/em-parceria-com-a-rede-amazonica-foram-instaladas-novas-retornas-em-manaus\\\/#authorImage\",\"url\":\"https:\\\/\\\/secure.gravatar.com\\\/avatar\\\/8031027e39acb0f958577a55663464ac1cd1ffb991a23bf69b3ffbe38b0ecfbf?s=96&d=mm&r=g\",\"width\":96,\"height\":96,\"caption\":\"Triciclo\"}},{\"@type\":\"WebPage\",\"@id\":\"https:\\\/\\\/triciclo.eco.br\\\/en\\\/em-parceria-com-a-rede-amazonica-foram-instaladas-novas-retornas-em-manaus\\\/#webpage\",\"url\":\"https:\\\/\\\/triciclo.eco.br\\\/en\\\/em-parceria-com-a-rede-amazonica-foram-instaladas-novas-retornas-em-manaus\\\/\",\"name\":\"Em parceria com a Rede Amaz\\u00f4nica, foram instaladas novas Retornas em Manaus - Ambipar Triciclo\",\"description\":\"S\\u00e3o Paulo, 20 de junho de 2023 \\u2013 Nossa grande parceria com a Rede Amaz\\u00f4nica (FRAM) possibilitou a instala\\u00e7\\u00e3o de 30 Retorna Machines na capital do Amazonas, refor\\u00e7ando nosso compromisso em disponibilizar ao m\\u00e1ximo de pessoas o acesso a solu\\u00e7\\u00f5es e pol\\u00edticas sustent\\u00e1veis. As Retorna\\u2019s em Manaus est\\u00e3o preparadas para receber 6 tipos de res\\u00edduos, o\",\"inLanguage\":\"en-US\",\"isPartOf\":{\"@id\":\"https:\\\/\\\/triciclo.eco.br\\\/en\\\/#website\"},\"breadcrumb\":{\"@id\":\"https:\\\/\\\/triciclo.eco.br\\\/en\\\/em-parceria-com-a-rede-amazonica-foram-instaladas-novas-retornas-em-manaus\\\/#breadcrumblist\"},\"author\":{\"@id\":\"https:\\\/\\\/triciclo.eco.br\\\/en\\\/author\\\/triciclo\\\/#author\"},\"creator\":{\"@id\":\"https:\\\/\\\/triciclo.eco.br\\\/en\\\/author\\\/triciclo\\\/#author\"},\"image\":{\"@type\":\"ImageObject\",\"url\":\"https:\\\/\\\/triciclo.eco.br\\\/wp-content\\\/uploads\\\/2023\\\/06\\\/IMG-20230606-WA0019-gigapixel-standard-scale-2_00x-2-scaled.jpg\",\"@id\":\"https:\\\/\\\/triciclo.eco.br\\\/en\\\/em-parceria-com-a-rede-amazonica-foram-instaladas-novas-retornas-em-manaus\\\/#mainImage\",\"width\":2560,\"height\":1920,\"caption\":\"Retorna Machine - Rede Amaz\\u00f4nica\"},\"primaryImageOfPage\":{\"@id\":\"https:\\\/\\\/triciclo.eco.br\\\/en\\\/em-parceria-com-a-rede-amazonica-foram-instaladas-novas-retornas-em-manaus\\\/#mainImage\"},\"datePublished\":\"2023-06-20T13:18:50-03:00\",\"dateModified\":\"2023-06-20T13:20:55-03:00\"},{\"@type\":\"WebSite\",\"@id\":\"https:\\\/\\\/triciclo.eco.br\\\/en\\\/#website\",\"url\":\"https:\\\/\\\/triciclo.eco.br\\\/en\\\/\",\"name\":\"Ambipar Triciclo\",\"alternateName\":\"Triciclo\",\"description\":\"Solu\\u00e7\\u00f5es Sustent\\u00e1veis\",\"inLanguage\":\"en-US\",\"publisher\":{\"@id\":\"https:\\\/\\\/triciclo.eco.br\\\/en\\\/#organization\"}}]}\n\t\t<\/script>\n\t\t<!-- All in One SEO -->\n\n","aioseo_head_json":{"title":"Em parceria com a Rede Amaz\u00f4nica, foram instaladas novas Retornas em Manaus - Ambipar Triciclo","description":"S\u00e3o Paulo, 20 de junho de 2023 \u2013 Nossa grande parceria com a Rede Amaz\u00f4nica (FRAM) possibilitou a instala\u00e7\u00e3o de 30 Retorna Machines na capital do Amazonas, refor\u00e7ando nosso compromisso em disponibilizar ao m\u00e1ximo de pessoas o acesso a solu\u00e7\u00f5es e pol\u00edticas sustent\u00e1veis. As Retorna\u2019s em Manaus est\u00e3o preparadas para receber 6 tipos de res\u00edduos, o","canonical_url":"https:\/\/triciclo.eco.br\/en\/em-parceria-com-a-rede-amazonica-foram-instaladas-novas-retornas-em-manaus\/","robots":"max-image-preview:large","keywords":"","webmasterTools":{"miscellaneous":""},"schema":{"@context":"https:\/\/schema.org","@graph":[{"@type":"BlogPosting","@id":"https:\/\/triciclo.eco.br\/en\/em-parceria-com-a-rede-amazonica-foram-instaladas-novas-retornas-em-manaus\/#blogposting","name":"Em parceria com a Rede Amaz\u00f4nica, foram instaladas novas Retornas em Manaus - Ambipar Triciclo","headline":"Em parceria com a Rede Amaz\u00f4nica, foram instaladas novas Retornas em Manaus","author":{"@id":"https:\/\/triciclo.eco.br\/en\/author\/triciclo\/#author"},"publisher":{"@id":"https:\/\/triciclo.eco.br\/en\/#organization"},"image":{"@type":"ImageObject","url":"https:\/\/triciclo.eco.br\/wp-content\/uploads\/2023\/06\/IMG-20230606-WA0019-gigapixel-standard-scale-2_00x-2-scaled.jpg","width":2560,"height":1920,"caption":"Retorna Machine - Rede Amaz\u00f4nica"},"datePublished":"2023-06-20T13:18:50-03:00","dateModified":"2023-06-20T13:20:55-03:00","inLanguage":"en-US","mainEntityOfPage":{"@id":"https:\/\/triciclo.eco.br\/en\/em-parceria-com-a-rede-amazonica-foram-instaladas-novas-retornas-em-manaus\/#webpage"},"isPartOf":{"@id":"https:\/\/triciclo.eco.br\/en\/em-parceria-com-a-rede-amazonica-foram-instaladas-novas-retornas-em-manaus\/#webpage"},"articleSection":"Blog, Ambipar, Ambipar Triciclo, Deixaki, Leroy Merlin"},{"@type":"BreadcrumbList","@id":"https:\/\/triciclo.eco.br\/en\/em-parceria-com-a-rede-amazonica-foram-instaladas-novas-retornas-em-manaus\/#breadcrumblist","itemListElement":[{"@type":"ListItem","@id":"https:\/\/triciclo.eco.br\/en#listItem","position":1,"name":"In\u00edcio","item":"https:\/\/triciclo.eco.br\/en","nextItem":{"@type":"ListItem","@id":"https:\/\/triciclo.eco.br\/en\/category\/blog\/#listItem","name":"Blog"}},{"@type":"ListItem","@id":"https:\/\/triciclo.eco.br\/en\/category\/blog\/#listItem","position":2,"name":"Blog","item":"https:\/\/triciclo.eco.br\/en\/category\/blog\/","nextItem":{"@type":"ListItem","@id":"https:\/\/triciclo.eco.br\/en\/em-parceria-com-a-rede-amazonica-foram-instaladas-novas-retornas-em-manaus\/#listItem","name":"Em parceria com a Rede Amaz\u00f4nica, foram instaladas novas Retornas em Manaus"},"previousItem":{"@type":"ListItem","@id":"https:\/\/triciclo.eco.br\/en#listItem","name":"In\u00edcio"}},{"@type":"ListItem","@id":"https:\/\/triciclo.eco.br\/en\/em-parceria-com-a-rede-amazonica-foram-instaladas-novas-retornas-em-manaus\/#listItem","position":3,"name":"Em parceria com a Rede Amaz\u00f4nica, foram instaladas novas Retornas em Manaus","previousItem":{"@type":"ListItem","@id":"https:\/\/triciclo.eco.br\/en\/category\/blog\/#listItem","name":"Blog"}}]},{"@type":"Organization","@id":"https:\/\/triciclo.eco.br\/en\/#organization","name":"Ambipar Triciclo Solu\u00e7\u00f5es Sustent\u00e1veis","description":"Solu\u00e7\u00f5es Sustent\u00e1veis","url":"https:\/\/triciclo.eco.br\/en\/","telephone":"+551134295050","logo":{"@type":"ImageObject","url":"https:\/\/triciclo.eco.br\/wp-content\/uploads\/2023\/08\/Triciclo.jpg","@id":"https:\/\/triciclo.eco.br\/en\/em-parceria-com-a-rede-amazonica-foram-instaladas-novas-retornas-em-manaus\/#organizationLogo","width":113,"height":113},"image":{"@id":"https:\/\/triciclo.eco.br\/en\/em-parceria-com-a-rede-amazonica-foram-instaladas-novas-retornas-em-manaus\/#organizationLogo"},"sameAs":["https:\/\/www.facebook.com\/ambipar.triciclo","https:\/\/twitter.com\/AmbiparTriciclo","https:\/\/www.instagram.com\/triciclo_retornamachine\/","https:\/\/www.youtube.com\/@TricicloSolucoesSustentaveis","https:\/\/www.linkedin.com\/company\/triciclo-solues-sustentveis\/"]},{"@type":"Person","@id":"https:\/\/triciclo.eco.br\/en\/author\/triciclo\/#author","url":"https:\/\/triciclo.eco.br\/en\/author\/triciclo\/","name":"Triciclo","image":{"@type":"ImageObject","@id":"https:\/\/triciclo.eco.br\/en\/em-parceria-com-a-rede-amazonica-foram-instaladas-novas-retornas-em-manaus\/#authorImage","url":"https:\/\/secure.gravatar.com\/avatar\/8031027e39acb0f958577a55663464ac1cd1ffb991a23bf69b3ffbe38b0ecfbf?s=96&d=mm&r=g","width":96,"height":96,"caption":"Triciclo"}},{"@type":"WebPage","@id":"https:\/\/triciclo.eco.br\/en\/em-parceria-com-a-rede-amazonica-foram-instaladas-novas-retornas-em-manaus\/#webpage","url":"https:\/\/triciclo.eco.br\/en\/em-parceria-com-a-rede-amazonica-foram-instaladas-novas-retornas-em-manaus\/","name":"Em parceria com a Rede Amaz\u00f4nica, foram instaladas novas Retornas em Manaus - Ambipar Triciclo","description":"S\u00e3o Paulo, 20 de junho de 2023 \u2013 Nossa grande parceria com a Rede Amaz\u00f4nica (FRAM) possibilitou a instala\u00e7\u00e3o de 30 Retorna Machines na capital do Amazonas, refor\u00e7ando nosso compromisso em disponibilizar ao m\u00e1ximo de pessoas o acesso a solu\u00e7\u00f5es e pol\u00edticas sustent\u00e1veis. As Retorna\u2019s em Manaus est\u00e3o preparadas para receber 6 tipos de res\u00edduos, o","inLanguage":"en-US","isPartOf":{"@id":"https:\/\/triciclo.eco.br\/en\/#website"},"breadcrumb":{"@id":"https:\/\/triciclo.eco.br\/en\/em-parceria-com-a-rede-amazonica-foram-instaladas-novas-retornas-em-manaus\/#breadcrumblist"},"author":{"@id":"https:\/\/triciclo.eco.br\/en\/author\/triciclo\/#author"},"creator":{"@id":"https:\/\/triciclo.eco.br\/en\/author\/triciclo\/#author"},"image":{"@type":"ImageObject","url":"https:\/\/triciclo.eco.br\/wp-content\/uploads\/2023\/06\/IMG-20230606-WA0019-gigapixel-standard-scale-2_00x-2-scaled.jpg","@id":"https:\/\/triciclo.eco.br\/en\/em-parceria-com-a-rede-amazonica-foram-instaladas-novas-retornas-em-manaus\/#mainImage","width":2560,"height":1920,"caption":"Retorna Machine - Rede Amaz\u00f4nica"},"primaryImageOfPage":{"@id":"https:\/\/triciclo.eco.br\/en\/em-parceria-com-a-rede-amazonica-foram-instaladas-novas-retornas-em-manaus\/#mainImage"},"datePublished":"2023-06-20T13:18:50-03:00","dateModified":"2023-06-20T13:20:55-03:00"},{"@type":"WebSite","@id":"https:\/\/triciclo.eco.br\/en\/#website","url":"https:\/\/triciclo.eco.br\/en\/","name":"Ambipar Triciclo","alternateName":"Triciclo","description":"Solu\u00e7\u00f5es Sustent\u00e1veis","inLanguage":"en-US","publisher":{"@id":"https:\/\/triciclo.eco.br\/en\/#organization"}}]},"og:locale":"en_US","og:site_name":"Ambipar Triciclo - Solu\u00e7\u00f5es Sustent\u00e1veis","og:type":"article","og:title":"Em parceria com a Rede Amaz\u00f4nica, foram instaladas novas Retornas em Manaus - Ambipar Triciclo","og:description":"S\u00e3o Paulo, 20 de junho de 2023 \u2013 Nossa grande parceria com a Rede Amaz\u00f4nica (FRAM) possibilitou a instala\u00e7\u00e3o de 30 Retorna Machines na capital do Amazonas, refor\u00e7ando nosso compromisso em disponibilizar ao m\u00e1ximo de pessoas o acesso a solu\u00e7\u00f5es e pol\u00edticas sustent\u00e1veis. As Retorna\u2019s em Manaus est\u00e3o preparadas para receber 6 tipos de res\u00edduos, o","og:url":"https:\/\/triciclo.eco.br\/en\/em-parceria-com-a-rede-amazonica-foram-instaladas-novas-retornas-em-manaus\/","og:image":"https:\/\/triciclo.eco.br\/wp-content\/uploads\/2023\/08\/triciclo-logo-1.png","og:image:secure_url":"https:\/\/triciclo.eco.br\/wp-content\/uploads\/2023\/08\/triciclo-logo-1.png","og:image:width":200,"og:image:height":200,"article:published_time":"2023-06-20T16:18:50+00:00","article:modified_time":"2023-06-20T16:20:55+00:00","article:publisher":"https:\/\/www.facebook.com\/ambipar.triciclo","twitter:card":"summary_large_image","twitter:site":"@AmbiparTriciclo","twitter:title":"Em parceria com a Rede Amaz\u00f4nica, foram instaladas novas Retornas em Manaus - Ambipar Triciclo","twitter:description":"S\u00e3o Paulo, 20 de junho de 2023 \u2013 Nossa grande parceria com a Rede Amaz\u00f4nica (FRAM) possibilitou a instala\u00e7\u00e3o de 30 Retorna Machines na capital do Amazonas, refor\u00e7ando nosso compromisso em disponibilizar ao m\u00e1ximo de pessoas o acesso a solu\u00e7\u00f5es e pol\u00edticas sustent\u00e1veis. As Retorna\u2019s em Manaus est\u00e3o preparadas para receber 6 tipos de res\u00edduos, o","twitter:creator":"@AmbiparTriciclo","twitter:image":"https:\/\/triciclo.eco.br\/wp-content\/uploads\/2023\/08\/Triciclo.jpg"},"aioseo_meta_data":{"post_id":"230942","title":null,"description":null,"keywords":null,"keyphrases":null,"primary_term":null,"canonical_url":null,"og_title":null,"og_description":null,"og_object_type":"default","og_image_type":"default","og_image_url":null,"og_image_width":null,"og_image_height":null,"og_image_custom_url":null,"og_image_custom_fields":null,"og_video":null,"og_custom_url":null,"og_article_section":null,"og_article_tags":null,"twitter_use_og":false,"twitter_card":"default","twitter_image_type":"default","twitter_image_url":null,"twitter_image_custom_url":null,"twitter_image_custom_fields":null,"twitter_title":null,"twitter_description":null,"schema":{"blockGraphs":[],"customGraphs":[],"default":{"data":{"Article":[],"Course":[],"Dataset":[],"FAQPage":[],"Movie":[],"Person":[],"Product":[],"ProductReview":[],"Car":[],"Recipe":[],"Service":[],"SoftwareApplication":[],"WebPage":[]},"graphName":"","isEnabled":true},"graphs":[]},"schema_type":"default","schema_type_options":null,"pillar_content":false,"robots_default":true,"robots_noindex":false,"robots_noarchive":false,"robots_nosnippet":false,"robots_nofollow":false,"robots_noimageindex":false,"robots_noodp":false,"robots_notranslate":false,"robots_max_snippet":null,"robots_max_videopreview":null,"robots_max_imagepreview":"large","priority":null,"frequency":null,"local_seo":null,"breadcrumb_settings":null,"limit_modified_date":false,"ai":null,"created":"2023-08-29 18:35:07","updated":"2025-08-01 16:11:16","focus_keyword":null,"additional_keywords":null,"truseo_locale":null,"seo_analyzer_scan_date":null},"aioseo_breadcrumb":"<div class=\"aioseo-breadcrumbs\"><span class=\"aioseo-breadcrumb\">\n\t\t\t<a href=\"https:\/\/triciclo.eco.br\/en\" title=\"In\u00edcio\">In\u00edcio<\/a>\n\t\t<\/span><span class=\"aioseo-breadcrumb-separator\">&raquo;<\/span><span class=\"aioseo-breadcrumb\">\n\t\t\t<a href=\"https:\/\/triciclo.eco.br\/en\/category\/blog\/\" title=\"Blog\">Blog<\/a>\n\t\t<\/span><span class=\"aioseo-breadcrumb-separator\">&raquo;<\/span><span class=\"aioseo-breadcrumb\">\n\t\t\tEm parceria com a Rede Amaz\u00f4nica, foram instaladas novas Retornas em Manaus\n\t\t<\/span><\/div>","aioseo_breadcrumb_json":[{"label":"In\u00edcio","link":"https:\/\/triciclo.eco.br\/en"},{"label":"Blog","link":"https:\/\/triciclo.eco.br\/en\/category\/blog\/"},{"label":"Em parceria com a Rede Amaz\u00f4nica, foram instaladas novas Retornas em Manaus","link":"https:\/\/triciclo.eco.br\/en\/em-parceria-com-a-rede-amazonica-foram-instaladas-novas-retornas-em-manaus\/"}],"jetpack_sharing_enabled":true,"jetpack_featured_media_url":"https:\/\/triciclo.eco.br\/wp-content\/uploads\/2023\/06\/IMG-20230606-WA0019-gigapixel-standard-scale-2_00x-2-scaled.jpg","_links":{"self":[{"href":"https:\/\/triciclo.eco.br\/en\/wp-json\/wp\/v2\/posts\/230942","targetHints":{"allow":["GET"]}}],"collection":[{"href":"https:\/\/triciclo.eco.br\/en\/wp-json\/wp\/v2\/posts"}],"about":[{"href":"https:\/\/triciclo.eco.br\/en\/wp-json\/wp\/v2\/types\/post"}],"author":[{"embeddable":true,"href":"https:\/\/triciclo.eco.br\/en\/wp-json\/wp\/v2\/users\/2"}],"replies":[{"embeddable":true,"href":"https:\/\/triciclo.eco.br\/en\/wp-json\/wp\/v2\/comments?post=230942"}],"version-history":[{"count":5,"href":"https:\/\/triciclo.eco.br\/en\/wp-json\/wp\/v2\/posts\/230942\/revisions"}],"predecessor-version":[{"id":230949,"href":"https:\/\/triciclo.eco.br\/en\/wp-json\/wp\/v2\/posts\/230942\/revisions\/230949"}],"wp:featuredmedia":[{"embeddable":true,"href":"https:\/\/triciclo.eco.br\/en\/wp-json\/wp\/v2\/media\/230927"}],"wp:attachment":[{"href":"https:\/\/triciclo.eco.br\/en\/wp-json\/wp\/v2\/media?parent=230942"}],"wp:term":[{"taxonomy":"category","embeddable":true,"href":"https:\/\/triciclo.eco.br\/en\/wp-json\/wp\/v2\/categories?post=230942"},{"taxonomy":"post_tag","embeddable":true,"href":"https:\/\/triciclo.eco.br\/en\/wp-json\/wp\/v2\/tags?post=230942"}],"curies":[{"name":"wp","href":"https:\/\/api.w.org\/{rel}","templated":true}]}}