{"id":231449,"date":"2023-11-30T08:16:01","date_gmt":"2023-11-30T11:16:01","guid":{"rendered":"https:\/\/triciclo.eco.br\/?p=231449"},"modified":"2023-11-30T09:22:13","modified_gmt":"2023-11-30T12:22:13","slug":"ambify-e-ambipar-triciclo-se-unem-para-criar-um-futuro-sustentavel","status":"publish","type":"post","link":"https:\/\/triciclo.eco.br\/en\/ambify-e-ambipar-triciclo-se-unem-para-criar-um-futuro-sustentavel\/","title":{"rendered":"Ambify e Ambipar Triciclo se unem para criar um futuro sustent\u00e1vel"},"content":{"rendered":"<p>[et_pb_section fb_built=&#8221;1&#8243; _builder_version=&#8221;4.16&#8243; global_colors_info=&#8221;{}&#8221;][et_pb_row _builder_version=&#8221;4.20.2&#8243; background_size=&#8221;initial&#8221; background_position=&#8221;top_left&#8221; background_repeat=&#8221;repeat&#8221; global_colors_info=&#8221;{}&#8221;][et_pb_column type=&#8221;4_4&#8243; _builder_version=&#8221;4.16&#8243; custom_padding=&#8221;|||&#8221; global_colors_info=&#8221;{}&#8221; custom_padding__hover=&#8221;|||&#8221;][et_pb_text _builder_version=&#8221;4.20.2&#8243; _module_preset=&#8221;default&#8221; text_font=&#8221;Montserrat|700|||||||&#8221; text_font_size=&#8221;22px&#8221; text_orientation=&#8221;center&#8221; global_colors_info=&#8221;{}&#8221;]<\/p>\n<p>Troque suas tricoins por saldo na Ambify e contribua para a redu\u00e7\u00e3o da pegada de carbono<\/p>\n<p>[\/et_pb_text][et_pb_text _builder_version=&#8221;4.20.2&#8243; background_size=&#8221;initial&#8221; background_position=&#8221;top_left&#8221; background_repeat=&#8221;repeat&#8221; global_colors_info=&#8221;{}&#8221;]<\/p>\n<p>A Ambipar Triciclo, apresenta sua mais nova parceria de benef\u00edcios. Agora, os usu\u00e1rios podem trocar suas tricoins por saldo na Ambify, uma iniciativa que visa construir um mundo mais sustent\u00e1vel e reduzir a pegada de carbono.<\/p>\n<p>Com a preocupa\u00e7\u00e3o crescente em rela\u00e7\u00e3o \u00e0s mudan\u00e7as clim\u00e1ticas e a necessidade de preservar a natureza para garantir um planeta sustent\u00e1vel para as gera\u00e7\u00f5es futuras, a Ambify busca popularizar e democratizar o cr\u00e9dito de carbono, estimulando mudan\u00e7as de comportamento e engajando todas as pessoas no combate \u00e0s mudan\u00e7as clim\u00e1ticas.<\/p>\n<p>Atrav\u00e9s dessa parceria, os usu\u00e1rios poder\u00e3o apagar sua pegada de carbono, contribuindo para um planeta mais sustent\u00e1vel. A a\u00e7\u00e3o de trocar tricoins por saldo permite que cada pessoa fa\u00e7a a diferen\u00e7a, ajudando na preserva\u00e7\u00e3o ambiental.<\/p>\n<p>O token Ambify n\u00e3o apenas ajuda a preservar a mata, mas tamb\u00e9m contribui para o bem-estar das comunidades locais, que vivem da floresta em p\u00e9, realizando atividades como o cultivo de a\u00e7a\u00ed e mandioca, a prote\u00e7\u00e3o dos mananciais e a preserva\u00e7\u00e3o da biodiversidade. Essa iniciativa impede que 700 milh\u00f5es de toneladas de carbono piorem a qualidade do ar que respiramos.<\/p>\n<p>O objetivo da Ambify e dessa parceria \u00e9 incentivar a mudan\u00e7a de comportamento individual e coletivo em rela\u00e7\u00e3o ao consumo de embalagens e \u00e0s a\u00e7\u00f5es di\u00e1rias, de forma a minimizar o impacto ambiental e construir um mundo mais verde e sustent\u00e1vel.<\/p>\n<p>Venha participar dessa transforma\u00e7\u00e3o! Participe da constru\u00e7\u00e3o de um futuro mais sustent\u00e1vel, troque suas tricoins por cr\u00e9ditos de carbono e fa\u00e7a a diferen\u00e7a para o planeta.<\/p>\n<p>[\/et_pb_text][\/et_pb_column][\/et_pb_row][\/et_pb_section]<\/p>\n","protected":false},"excerpt":{"rendered":"<p>Troque suas tricoins por saldo na Ambify e contribua para a redu\u00e7\u00e3o da pegada de carbonoA Ambipar Triciclo, apresenta sua mais nova parceria de benef\u00edcios. Agora, os usu\u00e1rios podem trocar suas tricoins por saldo na Ambify, uma iniciativa que visa construir um mundo mais sustent\u00e1vel e reduzir a pegada de carbono. Com a preocupa\u00e7\u00e3o crescente [&hellip;]<\/p>\n","protected":false},"author":2,"featured_media":231463,"comment_status":"open","ping_status":"closed","sticky":false,"template":"","format":"standard","meta":{"_et_pb_use_builder":"on","_et_pb_old_content":"<p>\"S\u00f3 um coletivo organizado de institui\u00e7\u00f5es p\u00fablicas e privadas, com a colabora\u00e7\u00e3o de pessoas atuantes, \u00e9 capaz de criar uma onda de restaura\u00e7\u00e3o em larga escala no pa\u00eds.\"<\/p><p>O Restaura Brasil \u00e9 uma campanha da The Nature Conservancy (TNC) para mobilizar pessoas e empresas em um movimento coletivo para restaurar 1 bilh\u00e3o de \u00e1rvores no pa\u00eds at\u00e9 2030 e contribuir para que o governo brasileiro alcance sua meta de mitiga\u00e7\u00e3o \u00e0s mudan\u00e7as clim\u00e1ticas no Acordo de Paris.<\/p><p>A restaura\u00e7\u00e3o florestal \u00e9 uma das maiores oportunidade para minimizar as mudan\u00e7as clim\u00e1ticas. Temos que limitar o aumento da temperatura terrestre at\u00e9 1,5\u00baC.<\/p><p>POR QUE RESTAURAR ?<br \/>A vegeta\u00e7\u00e3o natural tem um papel essencial no ciclo da \u00e1gua e na estabiliza\u00e7\u00e3o clim\u00e1tica, al\u00e9m de fornecer alimento, mat\u00e9ria-prima para diversos setores e um ambiente rico em plantas e animais. Para alcan\u00e7ar os compromissos do pa\u00eds no Acordo de Paris \u00e9 preciso acelerar a restaura\u00e7\u00e3o florestal no Brasil, com o engajamento de toda a sociedade.<\/p><p>A The Nature Conservancy (TNC) ajudou na formula\u00e7\u00e3o da pol\u00edtica e do plano nacional de restaura\u00e7\u00e3o da vegeta\u00e7\u00e3o nativa (PLANAVEG) e foi eleita uma das quatro institui\u00e7\u00f5es da sociedade civil a compor o Comit\u00ea Nacional para Recupera\u00e7\u00e3o da Vegeta\u00e7\u00e3o Nativa.<\/p>","_et_gb_content_width":"","_jetpack_newsletter_access":"","_jetpack_dont_email_post_to_subs":false,"_jetpack_newsletter_tier_id":0,"_jetpack_memberships_contains_paywalled_content":false,"_jetpack_memberships_contains_paid_content":false,"footnotes":""},"categories":[8],"tags":[225,189,197,226,44],"class_list":["post-231449","post","type-post","status-publish","format-standard","has-post-thumbnail","hentry","category-blog","tag-ambify","tag-ambipar","tag-ambipar-triciclo","tag-mudancas-climaticas","tag-sustentabilidade"],"aioseo_notices":[],"aioseo_head":"\n\t\t<!-- All in One SEO 5.0.0.1 - aioseo.com -->\n\t<meta name=\"description\" content=\"Troque suas tricoins por saldo na Ambify e contribua para a redu\u00e7\u00e3o da pegada de carbono A Ambipar Triciclo, apresenta sua mais nova parceria de benef\u00edcios. Agora, os usu\u00e1rios podem trocar suas tricoins por saldo na Ambify, uma iniciativa que visa construir um mundo mais sustent\u00e1vel e reduzir a pegada de carbono. Com a preocupa\u00e7\u00e3o\" \/>\n\t<meta name=\"robots\" content=\"max-image-preview:large\" \/>\n\t<meta name=\"author\" content=\"Triciclo\"\/>\n\t<link rel=\"canonical\" href=\"https:\/\/triciclo.eco.br\/en\/ambify-e-ambipar-triciclo-se-unem-para-criar-um-futuro-sustentavel\/\" \/>\n\t<meta name=\"generator\" content=\"All in One SEO (AIOSEO) 5.0.0.1\" \/>\n\t\t<meta property=\"og:locale\" content=\"en_US\" \/>\n\t\t<meta property=\"og:site_name\" content=\"Ambipar Triciclo - Solu\u00e7\u00f5es Sustent\u00e1veis\" \/>\n\t\t<meta property=\"og:type\" content=\"article\" \/>\n\t\t<meta property=\"og:title\" content=\"Ambipar Triciclo - Ambipar Triciclo e IFoodCard instalam Retorna Machines no Metr\u00f4 de SP\" \/>\n\t\t<meta property=\"og:description\" content=\"Troque suas tricoins por saldo na Ambify e contribua para a redu\u00e7\u00e3o da pegada de carbono A Ambipar Triciclo, apresenta sua mais nova parceria de benef\u00edcios. Agora, os usu\u00e1rios podem trocar suas tricoins por saldo na Ambify, uma iniciativa que visa construir um mundo mais sustent\u00e1vel e reduzir a pegada de carbono. Com a preocupa\u00e7\u00e3o\" \/>\n\t\t<meta property=\"og:url\" content=\"https:\/\/triciclo.eco.br\/en\/ambify-e-ambipar-triciclo-se-unem-para-criar-um-futuro-sustentavel\/\" \/>\n\t\t<meta property=\"og:image\" content=\"https:\/\/triciclo.eco.br\/wp-content\/uploads\/2023\/08\/triciclo-logo-1.png\" \/>\n\t\t<meta property=\"og:image:secure_url\" content=\"https:\/\/triciclo.eco.br\/wp-content\/uploads\/2023\/08\/triciclo-logo-1.png\" \/>\n\t\t<meta property=\"og:image:width\" content=\"200\" \/>\n\t\t<meta property=\"og:image:height\" content=\"200\" \/>\n\t\t<meta property=\"article:published_time\" content=\"2023-11-30T11:16:01+00:00\" \/>\n\t\t<meta property=\"article:modified_time\" content=\"2023-11-30T12:22:13+00:00\" \/>\n\t\t<meta property=\"article:publisher\" content=\"https:\/\/www.facebook.com\/ambipar.triciclo\" \/>\n\t\t<meta name=\"twitter:card\" content=\"summary_large_image\" \/>\n\t\t<meta name=\"twitter:site\" content=\"@AmbiparTriciclo\" \/>\n\t\t<meta name=\"twitter:title\" content=\"Ambipar Triciclo - Ambipar Triciclo e IFoodCard instalam Retorna Machines no Metr\u00f4 de SP\" \/>\n\t\t<meta name=\"twitter:description\" content=\"Troque suas tricoins por saldo na Ambify e contribua para a redu\u00e7\u00e3o da pegada de carbono A Ambipar Triciclo, apresenta sua mais nova parceria de benef\u00edcios. Agora, os usu\u00e1rios podem trocar suas tricoins por saldo na Ambify, uma iniciativa que visa construir um mundo mais sustent\u00e1vel e reduzir a pegada de carbono. Com a preocupa\u00e7\u00e3o\" \/>\n\t\t<meta name=\"twitter:creator\" content=\"@AmbiparTriciclo\" \/>\n\t\t<meta name=\"twitter:image\" content=\"https:\/\/triciclo.eco.br\/wp-content\/uploads\/2023\/08\/Triciclo.jpg\" \/>\n\t\t<script type=\"application\/ld+json\" class=\"aioseo-schema\">\n\t\t\t{\"@context\":\"https:\\\/\\\/schema.org\",\"@graph\":[{\"@type\":\"BlogPosting\",\"@id\":\"https:\\\/\\\/triciclo.eco.br\\\/en\\\/ambify-e-ambipar-triciclo-se-unem-para-criar-um-futuro-sustentavel\\\/#blogposting\",\"name\":\"Ambipar Triciclo - Ambipar Triciclo e IFoodCard instalam Retorna Machines no Metr\\u00f4 de SP\",\"headline\":\"Ambify e Ambipar Triciclo se unem para criar um futuro sustent\\u00e1vel\",\"author\":{\"@id\":\"https:\\\/\\\/triciclo.eco.br\\\/en\\\/author\\\/triciclo\\\/#author\"},\"publisher\":{\"@id\":\"https:\\\/\\\/triciclo.eco.br\\\/en\\\/#organization\"},\"image\":{\"@type\":\"ImageObject\",\"url\":\"https:\\\/\\\/triciclo.eco.br\\\/wp-content\\\/uploads\\\/2023\\\/11\\\/Ambify.jpg\",\"width\":1590,\"height\":995},\"datePublished\":\"2023-11-30T08:16:01-03:00\",\"dateModified\":\"2023-11-30T09:22:13-03:00\",\"inLanguage\":\"en-US\",\"mainEntityOfPage\":{\"@id\":\"https:\\\/\\\/triciclo.eco.br\\\/en\\\/ambify-e-ambipar-triciclo-se-unem-para-criar-um-futuro-sustentavel\\\/#webpage\"},\"isPartOf\":{\"@id\":\"https:\\\/\\\/triciclo.eco.br\\\/en\\\/ambify-e-ambipar-triciclo-se-unem-para-criar-um-futuro-sustentavel\\\/#webpage\"},\"articleSection\":\"Blog, Ambify, Ambipar, Ambipar Triciclo, mudan\\u00e7as clim\\u00e1ticas, sustentabilidade\"},{\"@type\":\"BreadcrumbList\",\"@id\":\"https:\\\/\\\/triciclo.eco.br\\\/en\\\/ambify-e-ambipar-triciclo-se-unem-para-criar-um-futuro-sustentavel\\\/#breadcrumblist\",\"itemListElement\":[{\"@type\":\"ListItem\",\"@id\":\"https:\\\/\\\/triciclo.eco.br\\\/en#listItem\",\"position\":1,\"name\":\"In\\u00edcio\",\"item\":\"https:\\\/\\\/triciclo.eco.br\\\/en\",\"nextItem\":{\"@type\":\"ListItem\",\"@id\":\"https:\\\/\\\/triciclo.eco.br\\\/en\\\/category\\\/blog\\\/#listItem\",\"name\":\"Blog\"}},{\"@type\":\"ListItem\",\"@id\":\"https:\\\/\\\/triciclo.eco.br\\\/en\\\/category\\\/blog\\\/#listItem\",\"position\":2,\"name\":\"Blog\",\"item\":\"https:\\\/\\\/triciclo.eco.br\\\/en\\\/category\\\/blog\\\/\",\"nextItem\":{\"@type\":\"ListItem\",\"@id\":\"https:\\\/\\\/triciclo.eco.br\\\/en\\\/ambify-e-ambipar-triciclo-se-unem-para-criar-um-futuro-sustentavel\\\/#listItem\",\"name\":\"Ambify e Ambipar Triciclo se unem para criar um futuro sustent\\u00e1vel\"},\"previousItem\":{\"@type\":\"ListItem\",\"@id\":\"https:\\\/\\\/triciclo.eco.br\\\/en#listItem\",\"name\":\"In\\u00edcio\"}},{\"@type\":\"ListItem\",\"@id\":\"https:\\\/\\\/triciclo.eco.br\\\/en\\\/ambify-e-ambipar-triciclo-se-unem-para-criar-um-futuro-sustentavel\\\/#listItem\",\"position\":3,\"name\":\"Ambify e Ambipar Triciclo se unem para criar um futuro sustent\\u00e1vel\",\"previousItem\":{\"@type\":\"ListItem\",\"@id\":\"https:\\\/\\\/triciclo.eco.br\\\/en\\\/category\\\/blog\\\/#listItem\",\"name\":\"Blog\"}}]},{\"@type\":\"Organization\",\"@id\":\"https:\\\/\\\/triciclo.eco.br\\\/en\\\/#organization\",\"name\":\"Ambipar Triciclo Solu\\u00e7\\u00f5es Sustent\\u00e1veis\",\"description\":\"Solu\\u00e7\\u00f5es Sustent\\u00e1veis\",\"url\":\"https:\\\/\\\/triciclo.eco.br\\\/en\\\/\",\"telephone\":\"+551134295050\",\"logo\":{\"@type\":\"ImageObject\",\"url\":\"https:\\\/\\\/triciclo.eco.br\\\/wp-content\\\/uploads\\\/2023\\\/08\\\/Triciclo.jpg\",\"@id\":\"https:\\\/\\\/triciclo.eco.br\\\/en\\\/ambify-e-ambipar-triciclo-se-unem-para-criar-um-futuro-sustentavel\\\/#organizationLogo\",\"width\":113,\"height\":113},\"image\":{\"@id\":\"https:\\\/\\\/triciclo.eco.br\\\/en\\\/ambify-e-ambipar-triciclo-se-unem-para-criar-um-futuro-sustentavel\\\/#organizationLogo\"},\"sameAs\":[\"https:\\\/\\\/www.facebook.com\\\/ambipar.triciclo\",\"https:\\\/\\\/twitter.com\\\/AmbiparTriciclo\",\"https:\\\/\\\/www.instagram.com\\\/triciclo_retornamachine\\\/\",\"https:\\\/\\\/www.youtube.com\\\/@TricicloSolucoesSustentaveis\",\"https:\\\/\\\/www.linkedin.com\\\/company\\\/triciclo-solues-sustentveis\\\/\"]},{\"@type\":\"Person\",\"@id\":\"https:\\\/\\\/triciclo.eco.br\\\/en\\\/author\\\/triciclo\\\/#author\",\"url\":\"https:\\\/\\\/triciclo.eco.br\\\/en\\\/author\\\/triciclo\\\/\",\"name\":\"Triciclo\",\"image\":{\"@type\":\"ImageObject\",\"@id\":\"https:\\\/\\\/triciclo.eco.br\\\/en\\\/ambify-e-ambipar-triciclo-se-unem-para-criar-um-futuro-sustentavel\\\/#authorImage\",\"url\":\"https:\\\/\\\/secure.gravatar.com\\\/avatar\\\/8031027e39acb0f958577a55663464ac1cd1ffb991a23bf69b3ffbe38b0ecfbf?s=96&d=mm&r=g\",\"width\":96,\"height\":96,\"caption\":\"Triciclo\"}},{\"@type\":\"WebPage\",\"@id\":\"https:\\\/\\\/triciclo.eco.br\\\/en\\\/ambify-e-ambipar-triciclo-se-unem-para-criar-um-futuro-sustentavel\\\/#webpage\",\"url\":\"https:\\\/\\\/triciclo.eco.br\\\/en\\\/ambify-e-ambipar-triciclo-se-unem-para-criar-um-futuro-sustentavel\\\/\",\"name\":\"Ambipar Triciclo - Ambipar Triciclo e IFoodCard instalam Retorna Machines no Metr\\u00f4 de SP\",\"description\":\"Troque suas tricoins por saldo na Ambify e contribua para a redu\\u00e7\\u00e3o da pegada de carbono A Ambipar Triciclo, apresenta sua mais nova parceria de benef\\u00edcios. Agora, os usu\\u00e1rios podem trocar suas tricoins por saldo na Ambify, uma iniciativa que visa construir um mundo mais sustent\\u00e1vel e reduzir a pegada de carbono. Com a preocupa\\u00e7\\u00e3o\",\"inLanguage\":\"en-US\",\"isPartOf\":{\"@id\":\"https:\\\/\\\/triciclo.eco.br\\\/en\\\/#website\"},\"breadcrumb\":{\"@id\":\"https:\\\/\\\/triciclo.eco.br\\\/en\\\/ambify-e-ambipar-triciclo-se-unem-para-criar-um-futuro-sustentavel\\\/#breadcrumblist\"},\"author\":{\"@id\":\"https:\\\/\\\/triciclo.eco.br\\\/en\\\/author\\\/triciclo\\\/#author\"},\"creator\":{\"@id\":\"https:\\\/\\\/triciclo.eco.br\\\/en\\\/author\\\/triciclo\\\/#author\"},\"image\":{\"@type\":\"ImageObject\",\"url\":\"https:\\\/\\\/triciclo.eco.br\\\/wp-content\\\/uploads\\\/2023\\\/11\\\/Ambify.jpg\",\"@id\":\"https:\\\/\\\/triciclo.eco.br\\\/en\\\/ambify-e-ambipar-triciclo-se-unem-para-criar-um-futuro-sustentavel\\\/#mainImage\",\"width\":1590,\"height\":995},\"primaryImageOfPage\":{\"@id\":\"https:\\\/\\\/triciclo.eco.br\\\/en\\\/ambify-e-ambipar-triciclo-se-unem-para-criar-um-futuro-sustentavel\\\/#mainImage\"},\"datePublished\":\"2023-11-30T08:16:01-03:00\",\"dateModified\":\"2023-11-30T09:22:13-03:00\"},{\"@type\":\"WebSite\",\"@id\":\"https:\\\/\\\/triciclo.eco.br\\\/en\\\/#website\",\"url\":\"https:\\\/\\\/triciclo.eco.br\\\/en\\\/\",\"name\":\"Ambipar Triciclo\",\"alternateName\":\"Triciclo\",\"description\":\"Solu\\u00e7\\u00f5es Sustent\\u00e1veis\",\"inLanguage\":\"en-US\",\"publisher\":{\"@id\":\"https:\\\/\\\/triciclo.eco.br\\\/en\\\/#organization\"}}]}\n\t\t<\/script>\n\t\t<!-- All in One SEO -->\n\n","aioseo_head_json":{"title":"Ambipar Triciclo - Ambipar Triciclo e IFoodCard instalam Retorna Machines no Metr\u00f4 de SP","description":"Troque suas tricoins por saldo na Ambify e contribua para a redu\u00e7\u00e3o da pegada de carbono A Ambipar Triciclo, apresenta sua mais nova parceria de benef\u00edcios. Agora, os usu\u00e1rios podem trocar suas tricoins por saldo na Ambify, uma iniciativa que visa construir um mundo mais sustent\u00e1vel e reduzir a pegada de carbono. Com a preocupa\u00e7\u00e3o","canonical_url":"https:\/\/triciclo.eco.br\/en\/ambify-e-ambipar-triciclo-se-unem-para-criar-um-futuro-sustentavel\/","robots":"max-image-preview:large","keywords":"","webmasterTools":{"miscellaneous":""},"schema":{"@context":"https:\/\/schema.org","@graph":[{"@type":"BlogPosting","@id":"https:\/\/triciclo.eco.br\/en\/ambify-e-ambipar-triciclo-se-unem-para-criar-um-futuro-sustentavel\/#blogposting","name":"Ambipar Triciclo - Ambipar Triciclo e IFoodCard instalam Retorna Machines no Metr\u00f4 de SP","headline":"Ambify e Ambipar Triciclo se unem para criar um futuro sustent\u00e1vel","author":{"@id":"https:\/\/triciclo.eco.br\/en\/author\/triciclo\/#author"},"publisher":{"@id":"https:\/\/triciclo.eco.br\/en\/#organization"},"image":{"@type":"ImageObject","url":"https:\/\/triciclo.eco.br\/wp-content\/uploads\/2023\/11\/Ambify.jpg","width":1590,"height":995},"datePublished":"2023-11-30T08:16:01-03:00","dateModified":"2023-11-30T09:22:13-03:00","inLanguage":"en-US","mainEntityOfPage":{"@id":"https:\/\/triciclo.eco.br\/en\/ambify-e-ambipar-triciclo-se-unem-para-criar-um-futuro-sustentavel\/#webpage"},"isPartOf":{"@id":"https:\/\/triciclo.eco.br\/en\/ambify-e-ambipar-triciclo-se-unem-para-criar-um-futuro-sustentavel\/#webpage"},"articleSection":"Blog, Ambify, Ambipar, Ambipar Triciclo, mudan\u00e7as clim\u00e1ticas, sustentabilidade"},{"@type":"BreadcrumbList","@id":"https:\/\/triciclo.eco.br\/en\/ambify-e-ambipar-triciclo-se-unem-para-criar-um-futuro-sustentavel\/#breadcrumblist","itemListElement":[{"@type":"ListItem","@id":"https:\/\/triciclo.eco.br\/en#listItem","position":1,"name":"In\u00edcio","item":"https:\/\/triciclo.eco.br\/en","nextItem":{"@type":"ListItem","@id":"https:\/\/triciclo.eco.br\/en\/category\/blog\/#listItem","name":"Blog"}},{"@type":"ListItem","@id":"https:\/\/triciclo.eco.br\/en\/category\/blog\/#listItem","position":2,"name":"Blog","item":"https:\/\/triciclo.eco.br\/en\/category\/blog\/","nextItem":{"@type":"ListItem","@id":"https:\/\/triciclo.eco.br\/en\/ambify-e-ambipar-triciclo-se-unem-para-criar-um-futuro-sustentavel\/#listItem","name":"Ambify e Ambipar Triciclo se unem para criar um futuro sustent\u00e1vel"},"previousItem":{"@type":"ListItem","@id":"https:\/\/triciclo.eco.br\/en#listItem","name":"In\u00edcio"}},{"@type":"ListItem","@id":"https:\/\/triciclo.eco.br\/en\/ambify-e-ambipar-triciclo-se-unem-para-criar-um-futuro-sustentavel\/#listItem","position":3,"name":"Ambify e Ambipar Triciclo se unem para criar um futuro sustent\u00e1vel","previousItem":{"@type":"ListItem","@id":"https:\/\/triciclo.eco.br\/en\/category\/blog\/#listItem","name":"Blog"}}]},{"@type":"Organization","@id":"https:\/\/triciclo.eco.br\/en\/#organization","name":"Ambipar Triciclo Solu\u00e7\u00f5es Sustent\u00e1veis","description":"Solu\u00e7\u00f5es Sustent\u00e1veis","url":"https:\/\/triciclo.eco.br\/en\/","telephone":"+551134295050","logo":{"@type":"ImageObject","url":"https:\/\/triciclo.eco.br\/wp-content\/uploads\/2023\/08\/Triciclo.jpg","@id":"https:\/\/triciclo.eco.br\/en\/ambify-e-ambipar-triciclo-se-unem-para-criar-um-futuro-sustentavel\/#organizationLogo","width":113,"height":113},"image":{"@id":"https:\/\/triciclo.eco.br\/en\/ambify-e-ambipar-triciclo-se-unem-para-criar-um-futuro-sustentavel\/#organizationLogo"},"sameAs":["https:\/\/www.facebook.com\/ambipar.triciclo","https:\/\/twitter.com\/AmbiparTriciclo","https:\/\/www.instagram.com\/triciclo_retornamachine\/","https:\/\/www.youtube.com\/@TricicloSolucoesSustentaveis","https:\/\/www.linkedin.com\/company\/triciclo-solues-sustentveis\/"]},{"@type":"Person","@id":"https:\/\/triciclo.eco.br\/en\/author\/triciclo\/#author","url":"https:\/\/triciclo.eco.br\/en\/author\/triciclo\/","name":"Triciclo","image":{"@type":"ImageObject","@id":"https:\/\/triciclo.eco.br\/en\/ambify-e-ambipar-triciclo-se-unem-para-criar-um-futuro-sustentavel\/#authorImage","url":"https:\/\/secure.gravatar.com\/avatar\/8031027e39acb0f958577a55663464ac1cd1ffb991a23bf69b3ffbe38b0ecfbf?s=96&d=mm&r=g","width":96,"height":96,"caption":"Triciclo"}},{"@type":"WebPage","@id":"https:\/\/triciclo.eco.br\/en\/ambify-e-ambipar-triciclo-se-unem-para-criar-um-futuro-sustentavel\/#webpage","url":"https:\/\/triciclo.eco.br\/en\/ambify-e-ambipar-triciclo-se-unem-para-criar-um-futuro-sustentavel\/","name":"Ambipar Triciclo - Ambipar Triciclo e IFoodCard instalam Retorna Machines no Metr\u00f4 de SP","description":"Troque suas tricoins por saldo na Ambify e contribua para a redu\u00e7\u00e3o da pegada de carbono A Ambipar Triciclo, apresenta sua mais nova parceria de benef\u00edcios. Agora, os usu\u00e1rios podem trocar suas tricoins por saldo na Ambify, uma iniciativa que visa construir um mundo mais sustent\u00e1vel e reduzir a pegada de carbono. Com a preocupa\u00e7\u00e3o","inLanguage":"en-US","isPartOf":{"@id":"https:\/\/triciclo.eco.br\/en\/#website"},"breadcrumb":{"@id":"https:\/\/triciclo.eco.br\/en\/ambify-e-ambipar-triciclo-se-unem-para-criar-um-futuro-sustentavel\/#breadcrumblist"},"author":{"@id":"https:\/\/triciclo.eco.br\/en\/author\/triciclo\/#author"},"creator":{"@id":"https:\/\/triciclo.eco.br\/en\/author\/triciclo\/#author"},"image":{"@type":"ImageObject","url":"https:\/\/triciclo.eco.br\/wp-content\/uploads\/2023\/11\/Ambify.jpg","@id":"https:\/\/triciclo.eco.br\/en\/ambify-e-ambipar-triciclo-se-unem-para-criar-um-futuro-sustentavel\/#mainImage","width":1590,"height":995},"primaryImageOfPage":{"@id":"https:\/\/triciclo.eco.br\/en\/ambify-e-ambipar-triciclo-se-unem-para-criar-um-futuro-sustentavel\/#mainImage"},"datePublished":"2023-11-30T08:16:01-03:00","dateModified":"2023-11-30T09:22:13-03:00"},{"@type":"WebSite","@id":"https:\/\/triciclo.eco.br\/en\/#website","url":"https:\/\/triciclo.eco.br\/en\/","name":"Ambipar Triciclo","alternateName":"Triciclo","description":"Solu\u00e7\u00f5es Sustent\u00e1veis","inLanguage":"en-US","publisher":{"@id":"https:\/\/triciclo.eco.br\/en\/#organization"}}]},"og:locale":"en_US","og:site_name":"Ambipar Triciclo - Solu\u00e7\u00f5es Sustent\u00e1veis","og:type":"article","og:title":"Ambipar Triciclo - Ambipar Triciclo e IFoodCard instalam Retorna Machines no Metr\u00f4 de SP","og:description":"Troque suas tricoins por saldo na Ambify e contribua para a redu\u00e7\u00e3o da pegada de carbono A Ambipar Triciclo, apresenta sua mais nova parceria de benef\u00edcios. Agora, os usu\u00e1rios podem trocar suas tricoins por saldo na Ambify, uma iniciativa que visa construir um mundo mais sustent\u00e1vel e reduzir a pegada de carbono. Com a preocupa\u00e7\u00e3o","og:url":"https:\/\/triciclo.eco.br\/en\/ambify-e-ambipar-triciclo-se-unem-para-criar-um-futuro-sustentavel\/","og:image":"https:\/\/triciclo.eco.br\/wp-content\/uploads\/2023\/08\/triciclo-logo-1.png","og:image:secure_url":"https:\/\/triciclo.eco.br\/wp-content\/uploads\/2023\/08\/triciclo-logo-1.png","og:image:width":200,"og:image:height":200,"article:published_time":"2023-11-30T11:16:01+00:00","article:modified_time":"2023-11-30T12:22:13+00:00","article:publisher":"https:\/\/www.facebook.com\/ambipar.triciclo","twitter:card":"summary_large_image","twitter:site":"@AmbiparTriciclo","twitter:title":"Ambipar Triciclo - Ambipar Triciclo e IFoodCard instalam Retorna Machines no Metr\u00f4 de SP","twitter:description":"Troque suas tricoins por saldo na Ambify e contribua para a redu\u00e7\u00e3o da pegada de carbono A Ambipar Triciclo, apresenta sua mais nova parceria de benef\u00edcios. Agora, os usu\u00e1rios podem trocar suas tricoins por saldo na Ambify, uma iniciativa que visa construir um mundo mais sustent\u00e1vel e reduzir a pegada de carbono. Com a preocupa\u00e7\u00e3o","twitter:creator":"@AmbiparTriciclo","twitter:image":"https:\/\/triciclo.eco.br\/wp-content\/uploads\/2023\/08\/Triciclo.jpg"},"aioseo_meta_data":{"post_id":"231449","title":"#site_title #separator_sa Ambipar Triciclo e IFoodCard instalam Retorna Machines no Metr\u00f4 de SP","description":null,"keywords":[],"keyphrases":{"focus":{"keyphrase":"","score":0,"analysis":{"keyphraseInTitle":{"score":0,"maxScore":9,"error":1}}},"additional":[]},"primary_term":null,"canonical_url":null,"og_title":null,"og_description":null,"og_object_type":"default","og_image_type":"default","og_image_url":null,"og_image_width":null,"og_image_height":null,"og_image_custom_url":null,"og_image_custom_fields":null,"og_video":"","og_custom_url":null,"og_article_section":null,"og_article_tags":[],"twitter_use_og":false,"twitter_card":"default","twitter_image_type":"default","twitter_image_url":null,"twitter_image_custom_url":null,"twitter_image_custom_fields":null,"twitter_title":null,"twitter_description":null,"schema":{"blockGraphs":[],"customGraphs":[],"default":{"data":{"Article":[],"Course":[],"Dataset":[],"FAQPage":[],"Movie":[],"Person":[],"Product":[],"ProductReview":[],"Car":[],"Recipe":[],"Service":[],"SoftwareApplication":[],"WebPage":[]},"graphName":"BlogPosting","isEnabled":true},"graphs":[]},"schema_type":"default","schema_type_options":null,"pillar_content":false,"robots_default":true,"robots_noindex":false,"robots_noarchive":false,"robots_nosnippet":false,"robots_nofollow":false,"robots_noimageindex":false,"robots_noodp":false,"robots_notranslate":false,"robots_max_snippet":"-1","robots_max_videopreview":"-1","robots_max_imagepreview":"large","priority":null,"frequency":"default","local_seo":null,"breadcrumb_settings":null,"limit_modified_date":false,"ai":null,"created":"2023-11-30 11:11:16","updated":"2025-08-01 16:12:52","focus_keyword":null,"additional_keywords":null,"truseo_locale":null,"seo_analyzer_scan_date":null},"aioseo_breadcrumb":"<div class=\"aioseo-breadcrumbs\"><span class=\"aioseo-breadcrumb\">\n\t\t\t<a href=\"https:\/\/triciclo.eco.br\/en\" title=\"In\u00edcio\">In\u00edcio<\/a>\n\t\t<\/span><span class=\"aioseo-breadcrumb-separator\">&raquo;<\/span><span class=\"aioseo-breadcrumb\">\n\t\t\t<a href=\"https:\/\/triciclo.eco.br\/en\/category\/blog\/\" title=\"Blog\">Blog<\/a>\n\t\t<\/span><span class=\"aioseo-breadcrumb-separator\">&raquo;<\/span><span class=\"aioseo-breadcrumb\">\n\t\t\tAmbify e Ambipar Triciclo se unem para criar um futuro sustent\u00e1vel\n\t\t<\/span><\/div>","aioseo_breadcrumb_json":[{"label":"In\u00edcio","link":"https:\/\/triciclo.eco.br\/en"},{"label":"Blog","link":"https:\/\/triciclo.eco.br\/en\/category\/blog\/"},{"label":"Ambify e Ambipar Triciclo se unem para criar um futuro sustent\u00e1vel","link":"https:\/\/triciclo.eco.br\/en\/ambify-e-ambipar-triciclo-se-unem-para-criar-um-futuro-sustentavel\/"}],"jetpack_sharing_enabled":true,"jetpack_featured_media_url":"https:\/\/triciclo.eco.br\/wp-content\/uploads\/2023\/11\/Ambify.jpg","_links":{"self":[{"href":"https:\/\/triciclo.eco.br\/en\/wp-json\/wp\/v2\/posts\/231449","targetHints":{"allow":["GET"]}}],"collection":[{"href":"https:\/\/triciclo.eco.br\/en\/wp-json\/wp\/v2\/posts"}],"about":[{"href":"https:\/\/triciclo.eco.br\/en\/wp-json\/wp\/v2\/types\/post"}],"author":[{"embeddable":true,"href":"https:\/\/triciclo.eco.br\/en\/wp-json\/wp\/v2\/users\/2"}],"replies":[{"embeddable":true,"href":"https:\/\/triciclo.eco.br\/en\/wp-json\/wp\/v2\/comments?post=231449"}],"version-history":[{"count":4,"href":"https:\/\/triciclo.eco.br\/en\/wp-json\/wp\/v2\/posts\/231449\/revisions"}],"predecessor-version":[{"id":231455,"href":"https:\/\/triciclo.eco.br\/en\/wp-json\/wp\/v2\/posts\/231449\/revisions\/231455"}],"wp:featuredmedia":[{"embeddable":true,"href":"https:\/\/triciclo.eco.br\/en\/wp-json\/wp\/v2\/media\/231463"}],"wp:attachment":[{"href":"https:\/\/triciclo.eco.br\/en\/wp-json\/wp\/v2\/media?parent=231449"}],"wp:term":[{"taxonomy":"category","embeddable":true,"href":"https:\/\/triciclo.eco.br\/en\/wp-json\/wp\/v2\/categories?post=231449"},{"taxonomy":"post_tag","embeddable":true,"href":"https:\/\/triciclo.eco.br\/en\/wp-json\/wp\/v2\/tags?post=231449"}],"curies":[{"name":"wp","href":"https:\/\/api.w.org\/{rel}","templated":true}]}}