{"id":4204,"date":"2019-10-02T12:17:31","date_gmt":"2019-10-02T14:17:31","guid":{"rendered":"https:\/\/triciclo.eco.br\/?p=4204"},"modified":"2019-10-02T12:17:31","modified_gmt":"2019-10-02T14:17:31","slug":"triciclo-amplia-atuacao-com-instituto-eurofarma","status":"publish","type":"post","link":"https:\/\/triciclo.eco.br\/en\/triciclo-amplia-atuacao-com-instituto-eurofarma\/","title":{"rendered":"Triciclo amplia atua\u00e7\u00e3o com Instituto Eurofarma"},"content":{"rendered":"<h2 style=\"text-align: center;\"><strong>Retorna Machine chega ao Instituto Eurofarma<\/strong><\/h2>\n<h4 style=\"text-align: center;\"><i>A parceria teve inicio no m\u00eas de agosto, com a implanta\u00e7\u00e3o de uma Retorna Machine no centro educacional Eurofarma<\/i><\/h4>\n<p>&nbsp;<\/p>\n<p><strong>S\u00e3o Paulo, 04 de outubro de 2019 &#8211;\u00a0 <\/strong>Dando continuidade a parceria de dois anos entre <strong>Triciclo<\/strong>\u00a0and\u00a0 <strong>Eurofarma<\/strong>, a Retorna chegou ao Instituto Eurofarma, sede da empresa que realiza a\u00e7\u00f5es nas \u00e1reas de educa\u00e7\u00e3o complementar, ambiental e forma\u00e7\u00e3o de jovens, adultos e terceira idade.<\/p>\n<p>A instala\u00e7\u00e3o da Retorna na Institui\u00e7\u00e3o promove junto aos alunos os ideais de sustentabilidade que envolvem consci\u00eancia ambiental social e econ\u00f4mica.<\/p>\n<p>Agora os alunos e colaboradores do Instituto Eurofarma contam com uma Retorna Machine exclusiva no espa\u00e7o, e j\u00e1 podem contribuir com o meio ambiente. Os usu\u00e1rios podem depositar itens recicl\u00e1veis, como garrafas pet, vidro, alum\u00ednio, a\u00e7o, embalagem de longa vida, e trocar por descontos em livraria ou conta de energia, saldo para celular, al\u00e9m de cr\u00e9ditos de no vale transporte estadual e municipal.<strong><br \/>\n<\/strong><\/p>\n<p>#TricicloFazendoaDiferen\u00e7a<\/p>\n<p><strong>\u00a0<\/strong><\/p>","protected":false},"excerpt":{"rendered":"<p>Retorna Machine chega ao Instituto Eurofarma A parceria teve inicio no m\u00eas de agosto, com a implanta\u00e7\u00e3o de uma Retorna Machine no centro educacional Eurofarma &nbsp; S\u00e3o Paulo, 04 de outubro de 2019 &#8211;\u00a0 Dando continuidade a parceria de dois anos entre Triciclo\u00a0e\u00a0 Eurofarma, a Retorna chegou ao Instituto Eurofarma, sede da empresa que realiza [&hellip;]<\/p>\n","protected":false},"author":2,"featured_media":4206,"comment_status":"open","ping_status":"closed","sticky":false,"template":"","format":"standard","meta":{"_et_pb_use_builder":"","_et_pb_old_content":"","_et_gb_content_width":"","_jetpack_newsletter_access":"","_jetpack_dont_email_post_to_subs":false,"_jetpack_newsletter_tier_id":0,"_jetpack_memberships_contains_paywalled_content":false,"_jetpack_memberships_contains_paid_content":false,"footnotes":""},"categories":[8],"tags":[30,31,32,11,28,33],"class_list":["post-4204","post","type-post","status-publish","format-standard","has-post-thumbnail","hentry","category-blog","tag-ambiental","tag-euforarma","tag-instituto","tag-maquina","tag-reciclagem","tag-sede"],"aioseo_notices":[],"aioseo_head":"\n\t\t<!-- All in One SEO 5.0.0.1 - aioseo.com -->\n\t<meta name=\"description\" content=\"Retorna Machine chega ao Instituto Eurofarma A parceria teve inicio no m\u00eas de agosto, com a implanta\u00e7\u00e3o de uma Retorna Machine no centro educacional Eurofarma S\u00e3o Paulo, 04 de outubro de 2019 - Dando continuidade a parceria de dois anos entre Triciclo e Eurofarma, a Retorna chegou ao Instituto Eurofarma, sede da empresa que realiza\" \/>\n\t<meta name=\"robots\" content=\"max-image-preview:large\" \/>\n\t<meta name=\"author\" content=\"Triciclo\"\/>\n\t<link rel=\"canonical\" href=\"https:\/\/triciclo.eco.br\/en\/triciclo-amplia-atuacao-com-instituto-eurofarma\/\" \/>\n\t<meta name=\"generator\" content=\"All in One SEO (AIOSEO) 5.0.0.1\" \/>\n\t\t<meta property=\"og:locale\" content=\"en_US\" \/>\n\t\t<meta property=\"og:site_name\" content=\"Ambipar Triciclo - Solu\u00e7\u00f5es Sustent\u00e1veis\" \/>\n\t\t<meta property=\"og:type\" content=\"article\" \/>\n\t\t<meta property=\"og:title\" content=\"Triciclo amplia atua\u00e7\u00e3o com Instituto Eurofarma - Ambipar Triciclo\" \/>\n\t\t<meta property=\"og:description\" content=\"Retorna Machine chega ao Instituto Eurofarma A parceria teve inicio no m\u00eas de agosto, com a implanta\u00e7\u00e3o de uma Retorna Machine no centro educacional Eurofarma S\u00e3o Paulo, 04 de outubro de 2019 - Dando continuidade a parceria de dois anos entre Triciclo e Eurofarma, a Retorna chegou ao Instituto Eurofarma, sede da empresa que realiza\" \/>\n\t\t<meta property=\"og:url\" content=\"https:\/\/triciclo.eco.br\/en\/triciclo-amplia-atuacao-com-instituto-eurofarma\/\" \/>\n\t\t<meta property=\"og:image\" content=\"https:\/\/triciclo.eco.br\/wp-content\/uploads\/2023\/08\/triciclo-logo-1.png\" \/>\n\t\t<meta property=\"og:image:secure_url\" content=\"https:\/\/triciclo.eco.br\/wp-content\/uploads\/2023\/08\/triciclo-logo-1.png\" \/>\n\t\t<meta property=\"og:image:width\" content=\"200\" \/>\n\t\t<meta property=\"og:image:height\" content=\"200\" \/>\n\t\t<meta property=\"article:published_time\" content=\"2019-10-02T14:17:31+00:00\" \/>\n\t\t<meta property=\"article:modified_time\" content=\"2019-10-02T14:17:31+00:00\" \/>\n\t\t<meta property=\"article:publisher\" content=\"https:\/\/www.facebook.com\/ambipar.triciclo\" \/>\n\t\t<meta name=\"twitter:card\" content=\"summary_large_image\" \/>\n\t\t<meta name=\"twitter:site\" content=\"@AmbiparTriciclo\" \/>\n\t\t<meta name=\"twitter:title\" content=\"Triciclo amplia atua\u00e7\u00e3o com Instituto Eurofarma - Ambipar Triciclo\" \/>\n\t\t<meta name=\"twitter:description\" content=\"Retorna Machine chega ao Instituto Eurofarma A parceria teve inicio no m\u00eas de agosto, com a implanta\u00e7\u00e3o de uma Retorna Machine no centro educacional Eurofarma S\u00e3o Paulo, 04 de outubro de 2019 - Dando continuidade a parceria de dois anos entre Triciclo e Eurofarma, a Retorna chegou ao Instituto Eurofarma, sede da empresa que realiza\" \/>\n\t\t<meta name=\"twitter:creator\" content=\"@AmbiparTriciclo\" \/>\n\t\t<meta name=\"twitter:image\" content=\"https:\/\/triciclo.eco.br\/wp-content\/uploads\/2023\/08\/Triciclo.jpg\" \/>\n\t\t<script type=\"application\/ld+json\" class=\"aioseo-schema\">\n\t\t\t{\"@context\":\"https:\\\/\\\/schema.org\",\"@graph\":[{\"@type\":\"BlogPosting\",\"@id\":\"https:\\\/\\\/triciclo.eco.br\\\/en\\\/triciclo-amplia-atuacao-com-instituto-eurofarma\\\/#blogposting\",\"name\":\"Triciclo amplia atua\\u00e7\\u00e3o com Instituto Eurofarma - Ambipar Triciclo\",\"headline\":\"Triciclo amplia atua\\u00e7\\u00e3o com Instituto Eurofarma\",\"author\":{\"@id\":\"https:\\\/\\\/triciclo.eco.br\\\/en\\\/author\\\/triciclo\\\/#author\"},\"publisher\":{\"@id\":\"https:\\\/\\\/triciclo.eco.br\\\/en\\\/#organization\"},\"image\":{\"@type\":\"ImageObject\",\"url\":\"https:\\\/\\\/triciclo.eco.br\\\/wp-content\\\/uploads\\\/2019\\\/10\\\/Instituto-Eurofarma-out-19.jpg\",\"width\":864,\"height\":1152},\"datePublished\":\"2019-10-02T12:17:31-03:00\",\"dateModified\":\"2019-10-02T12:17:31-03:00\",\"inLanguage\":\"en-US\",\"mainEntityOfPage\":{\"@id\":\"https:\\\/\\\/triciclo.eco.br\\\/en\\\/triciclo-amplia-atuacao-com-instituto-eurofarma\\\/#webpage\"},\"isPartOf\":{\"@id\":\"https:\\\/\\\/triciclo.eco.br\\\/en\\\/triciclo-amplia-atuacao-com-instituto-eurofarma\\\/#webpage\"},\"articleSection\":\"Blog, ambiental, euforarma, instituto, m\\u00e1quina, reciclagem, sede\"},{\"@type\":\"BreadcrumbList\",\"@id\":\"https:\\\/\\\/triciclo.eco.br\\\/en\\\/triciclo-amplia-atuacao-com-instituto-eurofarma\\\/#breadcrumblist\",\"itemListElement\":[{\"@type\":\"ListItem\",\"@id\":\"https:\\\/\\\/triciclo.eco.br\\\/en#listItem\",\"position\":1,\"name\":\"In\\u00edcio\",\"item\":\"https:\\\/\\\/triciclo.eco.br\\\/en\",\"nextItem\":{\"@type\":\"ListItem\",\"@id\":\"https:\\\/\\\/triciclo.eco.br\\\/en\\\/category\\\/blog\\\/#listItem\",\"name\":\"Blog\"}},{\"@type\":\"ListItem\",\"@id\":\"https:\\\/\\\/triciclo.eco.br\\\/en\\\/category\\\/blog\\\/#listItem\",\"position\":2,\"name\":\"Blog\",\"item\":\"https:\\\/\\\/triciclo.eco.br\\\/en\\\/category\\\/blog\\\/\",\"nextItem\":{\"@type\":\"ListItem\",\"@id\":\"https:\\\/\\\/triciclo.eco.br\\\/en\\\/triciclo-amplia-atuacao-com-instituto-eurofarma\\\/#listItem\",\"name\":\"Triciclo amplia atua\\u00e7\\u00e3o com Instituto Eurofarma\"},\"previousItem\":{\"@type\":\"ListItem\",\"@id\":\"https:\\\/\\\/triciclo.eco.br\\\/en#listItem\",\"name\":\"In\\u00edcio\"}},{\"@type\":\"ListItem\",\"@id\":\"https:\\\/\\\/triciclo.eco.br\\\/en\\\/triciclo-amplia-atuacao-com-instituto-eurofarma\\\/#listItem\",\"position\":3,\"name\":\"Triciclo amplia atua\\u00e7\\u00e3o com Instituto Eurofarma\",\"previousItem\":{\"@type\":\"ListItem\",\"@id\":\"https:\\\/\\\/triciclo.eco.br\\\/en\\\/category\\\/blog\\\/#listItem\",\"name\":\"Blog\"}}]},{\"@type\":\"Organization\",\"@id\":\"https:\\\/\\\/triciclo.eco.br\\\/en\\\/#organization\",\"name\":\"Ambipar Triciclo Solu\\u00e7\\u00f5es Sustent\\u00e1veis\",\"description\":\"Solu\\u00e7\\u00f5es Sustent\\u00e1veis\",\"url\":\"https:\\\/\\\/triciclo.eco.br\\\/en\\\/\",\"telephone\":\"+551134295050\",\"logo\":{\"@type\":\"ImageObject\",\"url\":\"https:\\\/\\\/triciclo.eco.br\\\/wp-content\\\/uploads\\\/2023\\\/08\\\/Triciclo.jpg\",\"@id\":\"https:\\\/\\\/triciclo.eco.br\\\/en\\\/triciclo-amplia-atuacao-com-instituto-eurofarma\\\/#organizationLogo\",\"width\":113,\"height\":113},\"image\":{\"@id\":\"https:\\\/\\\/triciclo.eco.br\\\/en\\\/triciclo-amplia-atuacao-com-instituto-eurofarma\\\/#organizationLogo\"},\"sameAs\":[\"https:\\\/\\\/www.facebook.com\\\/ambipar.triciclo\",\"https:\\\/\\\/twitter.com\\\/AmbiparTriciclo\",\"https:\\\/\\\/www.instagram.com\\\/triciclo_retornamachine\\\/\",\"https:\\\/\\\/www.youtube.com\\\/@TricicloSolucoesSustentaveis\",\"https:\\\/\\\/www.linkedin.com\\\/company\\\/triciclo-solues-sustentveis\\\/\"]},{\"@type\":\"Person\",\"@id\":\"https:\\\/\\\/triciclo.eco.br\\\/en\\\/author\\\/triciclo\\\/#author\",\"url\":\"https:\\\/\\\/triciclo.eco.br\\\/en\\\/author\\\/triciclo\\\/\",\"name\":\"Triciclo\",\"image\":{\"@type\":\"ImageObject\",\"@id\":\"https:\\\/\\\/triciclo.eco.br\\\/en\\\/triciclo-amplia-atuacao-com-instituto-eurofarma\\\/#authorImage\",\"url\":\"https:\\\/\\\/secure.gravatar.com\\\/avatar\\\/8031027e39acb0f958577a55663464ac1cd1ffb991a23bf69b3ffbe38b0ecfbf?s=96&d=mm&r=g\",\"width\":96,\"height\":96,\"caption\":\"Triciclo\"}},{\"@type\":\"WebPage\",\"@id\":\"https:\\\/\\\/triciclo.eco.br\\\/en\\\/triciclo-amplia-atuacao-com-instituto-eurofarma\\\/#webpage\",\"url\":\"https:\\\/\\\/triciclo.eco.br\\\/en\\\/triciclo-amplia-atuacao-com-instituto-eurofarma\\\/\",\"name\":\"Triciclo amplia atua\\u00e7\\u00e3o com Instituto Eurofarma - Ambipar Triciclo\",\"description\":\"Retorna Machine chega ao Instituto Eurofarma A parceria teve inicio no m\\u00eas de agosto, com a implanta\\u00e7\\u00e3o de uma Retorna Machine no centro educacional Eurofarma S\\u00e3o Paulo, 04 de outubro de 2019 - Dando continuidade a parceria de dois anos entre Triciclo e Eurofarma, a Retorna chegou ao Instituto Eurofarma, sede da empresa que realiza\",\"inLanguage\":\"en-US\",\"isPartOf\":{\"@id\":\"https:\\\/\\\/triciclo.eco.br\\\/en\\\/#website\"},\"breadcrumb\":{\"@id\":\"https:\\\/\\\/triciclo.eco.br\\\/en\\\/triciclo-amplia-atuacao-com-instituto-eurofarma\\\/#breadcrumblist\"},\"author\":{\"@id\":\"https:\\\/\\\/triciclo.eco.br\\\/en\\\/author\\\/triciclo\\\/#author\"},\"creator\":{\"@id\":\"https:\\\/\\\/triciclo.eco.br\\\/en\\\/author\\\/triciclo\\\/#author\"},\"image\":{\"@type\":\"ImageObject\",\"url\":\"https:\\\/\\\/triciclo.eco.br\\\/wp-content\\\/uploads\\\/2019\\\/10\\\/Instituto-Eurofarma-out-19.jpg\",\"@id\":\"https:\\\/\\\/triciclo.eco.br\\\/en\\\/triciclo-amplia-atuacao-com-instituto-eurofarma\\\/#mainImage\",\"width\":864,\"height\":1152},\"primaryImageOfPage\":{\"@id\":\"https:\\\/\\\/triciclo.eco.br\\\/en\\\/triciclo-amplia-atuacao-com-instituto-eurofarma\\\/#mainImage\"},\"datePublished\":\"2019-10-02T12:17:31-03:00\",\"dateModified\":\"2019-10-02T12:17:31-03:00\"},{\"@type\":\"WebSite\",\"@id\":\"https:\\\/\\\/triciclo.eco.br\\\/en\\\/#website\",\"url\":\"https:\\\/\\\/triciclo.eco.br\\\/en\\\/\",\"name\":\"Ambipar Triciclo\",\"alternateName\":\"Triciclo\",\"description\":\"Solu\\u00e7\\u00f5es Sustent\\u00e1veis\",\"inLanguage\":\"en-US\",\"publisher\":{\"@id\":\"https:\\\/\\\/triciclo.eco.br\\\/en\\\/#organization\"}}]}\n\t\t<\/script>\n\t\t<!-- All in One SEO -->\n\n","aioseo_head_json":{"title":"Triciclo amplia atua\u00e7\u00e3o com Instituto Eurofarma - Ambipar Triciclo","description":"Retorna Machine chega ao Instituto Eurofarma A parceria teve inicio no m\u00eas de agosto, com a implanta\u00e7\u00e3o de uma Retorna Machine no centro educacional Eurofarma S\u00e3o Paulo, 04 de outubro de 2019 - Dando continuidade a parceria de dois anos entre Triciclo e Eurofarma, a Retorna chegou ao Instituto Eurofarma, sede da empresa que realiza","canonical_url":"https:\/\/triciclo.eco.br\/en\/triciclo-amplia-atuacao-com-instituto-eurofarma\/","robots":"max-image-preview:large","keywords":"","webmasterTools":{"miscellaneous":""},"schema":{"@context":"https:\/\/schema.org","@graph":[{"@type":"BlogPosting","@id":"https:\/\/triciclo.eco.br\/en\/triciclo-amplia-atuacao-com-instituto-eurofarma\/#blogposting","name":"Triciclo amplia atua\u00e7\u00e3o com Instituto Eurofarma - Ambipar Triciclo","headline":"Triciclo amplia atua\u00e7\u00e3o com Instituto Eurofarma","author":{"@id":"https:\/\/triciclo.eco.br\/en\/author\/triciclo\/#author"},"publisher":{"@id":"https:\/\/triciclo.eco.br\/en\/#organization"},"image":{"@type":"ImageObject","url":"https:\/\/triciclo.eco.br\/wp-content\/uploads\/2019\/10\/Instituto-Eurofarma-out-19.jpg","width":864,"height":1152},"datePublished":"2019-10-02T12:17:31-03:00","dateModified":"2019-10-02T12:17:31-03:00","inLanguage":"en-US","mainEntityOfPage":{"@id":"https:\/\/triciclo.eco.br\/en\/triciclo-amplia-atuacao-com-instituto-eurofarma\/#webpage"},"isPartOf":{"@id":"https:\/\/triciclo.eco.br\/en\/triciclo-amplia-atuacao-com-instituto-eurofarma\/#webpage"},"articleSection":"Blog, ambiental, euforarma, instituto, m\u00e1quina, reciclagem, sede"},{"@type":"BreadcrumbList","@id":"https:\/\/triciclo.eco.br\/en\/triciclo-amplia-atuacao-com-instituto-eurofarma\/#breadcrumblist","itemListElement":[{"@type":"ListItem","@id":"https:\/\/triciclo.eco.br\/en#listItem","position":1,"name":"In\u00edcio","item":"https:\/\/triciclo.eco.br\/en","nextItem":{"@type":"ListItem","@id":"https:\/\/triciclo.eco.br\/en\/category\/blog\/#listItem","name":"Blog"}},{"@type":"ListItem","@id":"https:\/\/triciclo.eco.br\/en\/category\/blog\/#listItem","position":2,"name":"Blog","item":"https:\/\/triciclo.eco.br\/en\/category\/blog\/","nextItem":{"@type":"ListItem","@id":"https:\/\/triciclo.eco.br\/en\/triciclo-amplia-atuacao-com-instituto-eurofarma\/#listItem","name":"Triciclo amplia atua\u00e7\u00e3o com Instituto Eurofarma"},"previousItem":{"@type":"ListItem","@id":"https:\/\/triciclo.eco.br\/en#listItem","name":"In\u00edcio"}},{"@type":"ListItem","@id":"https:\/\/triciclo.eco.br\/en\/triciclo-amplia-atuacao-com-instituto-eurofarma\/#listItem","position":3,"name":"Triciclo amplia atua\u00e7\u00e3o com Instituto Eurofarma","previousItem":{"@type":"ListItem","@id":"https:\/\/triciclo.eco.br\/en\/category\/blog\/#listItem","name":"Blog"}}]},{"@type":"Organization","@id":"https:\/\/triciclo.eco.br\/en\/#organization","name":"Ambipar Triciclo Solu\u00e7\u00f5es Sustent\u00e1veis","description":"Solu\u00e7\u00f5es Sustent\u00e1veis","url":"https:\/\/triciclo.eco.br\/en\/","telephone":"+551134295050","logo":{"@type":"ImageObject","url":"https:\/\/triciclo.eco.br\/wp-content\/uploads\/2023\/08\/Triciclo.jpg","@id":"https:\/\/triciclo.eco.br\/en\/triciclo-amplia-atuacao-com-instituto-eurofarma\/#organizationLogo","width":113,"height":113},"image":{"@id":"https:\/\/triciclo.eco.br\/en\/triciclo-amplia-atuacao-com-instituto-eurofarma\/#organizationLogo"},"sameAs":["https:\/\/www.facebook.com\/ambipar.triciclo","https:\/\/twitter.com\/AmbiparTriciclo","https:\/\/www.instagram.com\/triciclo_retornamachine\/","https:\/\/www.youtube.com\/@TricicloSolucoesSustentaveis","https:\/\/www.linkedin.com\/company\/triciclo-solues-sustentveis\/"]},{"@type":"Person","@id":"https:\/\/triciclo.eco.br\/en\/author\/triciclo\/#author","url":"https:\/\/triciclo.eco.br\/en\/author\/triciclo\/","name":"Triciclo","image":{"@type":"ImageObject","@id":"https:\/\/triciclo.eco.br\/en\/triciclo-amplia-atuacao-com-instituto-eurofarma\/#authorImage","url":"https:\/\/secure.gravatar.com\/avatar\/8031027e39acb0f958577a55663464ac1cd1ffb991a23bf69b3ffbe38b0ecfbf?s=96&d=mm&r=g","width":96,"height":96,"caption":"Triciclo"}},{"@type":"WebPage","@id":"https:\/\/triciclo.eco.br\/en\/triciclo-amplia-atuacao-com-instituto-eurofarma\/#webpage","url":"https:\/\/triciclo.eco.br\/en\/triciclo-amplia-atuacao-com-instituto-eurofarma\/","name":"Triciclo amplia atua\u00e7\u00e3o com Instituto Eurofarma - Ambipar Triciclo","description":"Retorna Machine chega ao Instituto Eurofarma A parceria teve inicio no m\u00eas de agosto, com a implanta\u00e7\u00e3o de uma Retorna Machine no centro educacional Eurofarma S\u00e3o Paulo, 04 de outubro de 2019 - Dando continuidade a parceria de dois anos entre Triciclo e Eurofarma, a Retorna chegou ao Instituto Eurofarma, sede da empresa que realiza","inLanguage":"en-US","isPartOf":{"@id":"https:\/\/triciclo.eco.br\/en\/#website"},"breadcrumb":{"@id":"https:\/\/triciclo.eco.br\/en\/triciclo-amplia-atuacao-com-instituto-eurofarma\/#breadcrumblist"},"author":{"@id":"https:\/\/triciclo.eco.br\/en\/author\/triciclo\/#author"},"creator":{"@id":"https:\/\/triciclo.eco.br\/en\/author\/triciclo\/#author"},"image":{"@type":"ImageObject","url":"https:\/\/triciclo.eco.br\/wp-content\/uploads\/2019\/10\/Instituto-Eurofarma-out-19.jpg","@id":"https:\/\/triciclo.eco.br\/en\/triciclo-amplia-atuacao-com-instituto-eurofarma\/#mainImage","width":864,"height":1152},"primaryImageOfPage":{"@id":"https:\/\/triciclo.eco.br\/en\/triciclo-amplia-atuacao-com-instituto-eurofarma\/#mainImage"},"datePublished":"2019-10-02T12:17:31-03:00","dateModified":"2019-10-02T12:17:31-03:00"},{"@type":"WebSite","@id":"https:\/\/triciclo.eco.br\/en\/#website","url":"https:\/\/triciclo.eco.br\/en\/","name":"Ambipar Triciclo","alternateName":"Triciclo","description":"Solu\u00e7\u00f5es Sustent\u00e1veis","inLanguage":"en-US","publisher":{"@id":"https:\/\/triciclo.eco.br\/en\/#organization"}}]},"og:locale":"en_US","og:site_name":"Ambipar Triciclo - Solu\u00e7\u00f5es Sustent\u00e1veis","og:type":"article","og:title":"Triciclo amplia atua\u00e7\u00e3o com Instituto Eurofarma - Ambipar Triciclo","og:description":"Retorna Machine chega ao Instituto Eurofarma A parceria teve inicio no m\u00eas de agosto, com a implanta\u00e7\u00e3o de uma Retorna Machine no centro educacional Eurofarma S\u00e3o Paulo, 04 de outubro de 2019 - Dando continuidade a parceria de dois anos entre Triciclo e Eurofarma, a Retorna chegou ao Instituto Eurofarma, sede da empresa que realiza","og:url":"https:\/\/triciclo.eco.br\/en\/triciclo-amplia-atuacao-com-instituto-eurofarma\/","og:image":"https:\/\/triciclo.eco.br\/wp-content\/uploads\/2023\/08\/triciclo-logo-1.png","og:image:secure_url":"https:\/\/triciclo.eco.br\/wp-content\/uploads\/2023\/08\/triciclo-logo-1.png","og:image:width":200,"og:image:height":200,"article:published_time":"2019-10-02T14:17:31+00:00","article:modified_time":"2019-10-02T14:17:31+00:00","article:publisher":"https:\/\/www.facebook.com\/ambipar.triciclo","twitter:card":"summary_large_image","twitter:site":"@AmbiparTriciclo","twitter:title":"Triciclo amplia atua\u00e7\u00e3o com Instituto Eurofarma - Ambipar Triciclo","twitter:description":"Retorna Machine chega ao Instituto Eurofarma A parceria teve inicio no m\u00eas de agosto, com a implanta\u00e7\u00e3o de uma Retorna Machine no centro educacional Eurofarma S\u00e3o Paulo, 04 de outubro de 2019 - Dando continuidade a parceria de dois anos entre Triciclo e Eurofarma, a Retorna chegou ao Instituto Eurofarma, sede da empresa que realiza","twitter:creator":"@AmbiparTriciclo","twitter:image":"https:\/\/triciclo.eco.br\/wp-content\/uploads\/2023\/08\/Triciclo.jpg"},"aioseo_meta_data":{"post_id":"4204","title":null,"description":null,"keywords":null,"keyphrases":null,"primary_term":null,"canonical_url":null,"og_title":null,"og_description":null,"og_object_type":"default","og_image_type":"default","og_image_url":null,"og_image_width":null,"og_image_height":null,"og_image_custom_url":null,"og_image_custom_fields":null,"og_video":null,"og_custom_url":null,"og_article_section":null,"og_article_tags":null,"twitter_use_og":false,"twitter_card":"default","twitter_image_type":"default","twitter_image_url":null,"twitter_image_custom_url":null,"twitter_image_custom_fields":null,"twitter_title":null,"twitter_description":null,"schema":{"blockGraphs":[],"customGraphs":[],"default":{"data":{"Article":[],"Course":[],"Dataset":[],"FAQPage":[],"Movie":[],"Person":[],"Product":[],"ProductReview":[],"Car":[],"Recipe":[],"Service":[],"SoftwareApplication":[],"WebPage":[]},"graphName":"","isEnabled":true},"graphs":[]},"schema_type":"default","schema_type_options":null,"pillar_content":false,"robots_default":true,"robots_noindex":false,"robots_noarchive":false,"robots_nosnippet":false,"robots_nofollow":false,"robots_noimageindex":false,"robots_noodp":false,"robots_notranslate":false,"robots_max_snippet":null,"robots_max_videopreview":null,"robots_max_imagepreview":"large","priority":null,"frequency":null,"local_seo":null,"breadcrumb_settings":null,"limit_modified_date":false,"ai":null,"created":"2023-08-29 18:01:53","updated":"2025-08-01 15:57:02","focus_keyword":null,"additional_keywords":null,"truseo_locale":null,"seo_analyzer_scan_date":null},"aioseo_breadcrumb":"<div class=\"aioseo-breadcrumbs\"><span class=\"aioseo-breadcrumb\">\n\t\t\t<a href=\"https:\/\/triciclo.eco.br\/en\" title=\"In\u00edcio\">In\u00edcio<\/a>\n\t\t<\/span><span class=\"aioseo-breadcrumb-separator\">&raquo;<\/span><span class=\"aioseo-breadcrumb\">\n\t\t\t<a href=\"https:\/\/triciclo.eco.br\/en\/category\/blog\/\" title=\"Blog\">Blog<\/a>\n\t\t<\/span><span class=\"aioseo-breadcrumb-separator\">&raquo;<\/span><span class=\"aioseo-breadcrumb\">\n\t\t\tTriciclo amplia atua\u00e7\u00e3o com Instituto Eurofarma\n\t\t<\/span><\/div>","aioseo_breadcrumb_json":[{"label":"In\u00edcio","link":"https:\/\/triciclo.eco.br\/en"},{"label":"Blog","link":"https:\/\/triciclo.eco.br\/en\/category\/blog\/"},{"label":"Triciclo amplia atua\u00e7\u00e3o com Instituto Eurofarma","link":"https:\/\/triciclo.eco.br\/en\/triciclo-amplia-atuacao-com-instituto-eurofarma\/"}],"jetpack_sharing_enabled":true,"jetpack_featured_media_url":"https:\/\/triciclo.eco.br\/wp-content\/uploads\/2019\/10\/Instituto-Eurofarma-out-19.jpg","_links":{"self":[{"href":"https:\/\/triciclo.eco.br\/en\/wp-json\/wp\/v2\/posts\/4204","targetHints":{"allow":["GET"]}}],"collection":[{"href":"https:\/\/triciclo.eco.br\/en\/wp-json\/wp\/v2\/posts"}],"about":[{"href":"https:\/\/triciclo.eco.br\/en\/wp-json\/wp\/v2\/types\/post"}],"author":[{"embeddable":true,"href":"https:\/\/triciclo.eco.br\/en\/wp-json\/wp\/v2\/users\/2"}],"replies":[{"embeddable":true,"href":"https:\/\/triciclo.eco.br\/en\/wp-json\/wp\/v2\/comments?post=4204"}],"version-history":[{"count":0,"href":"https:\/\/triciclo.eco.br\/en\/wp-json\/wp\/v2\/posts\/4204\/revisions"}],"wp:featuredmedia":[{"embeddable":true,"href":"https:\/\/triciclo.eco.br\/en\/wp-json\/wp\/v2\/media\/4206"}],"wp:attachment":[{"href":"https:\/\/triciclo.eco.br\/en\/wp-json\/wp\/v2\/media?parent=4204"}],"wp:term":[{"taxonomy":"category","embeddable":true,"href":"https:\/\/triciclo.eco.br\/en\/wp-json\/wp\/v2\/categories?post=4204"},{"taxonomy":"post_tag","embeddable":true,"href":"https:\/\/triciclo.eco.br\/en\/wp-json\/wp\/v2\/tags?post=4204"}],"curies":[{"name":"wp","href":"https:\/\/api.w.org\/{rel}","templated":true}]}}