{"id":4208,"date":"2019-10-03T12:25:34","date_gmt":"2019-10-03T14:25:34","guid":{"rendered":"https:\/\/triciclo.eco.br\/?p=4208"},"modified":"2019-10-03T12:25:34","modified_gmt":"2019-10-03T14:25:34","slug":"triciclo-participa-da-conferencia-ethos-2019","status":"publish","type":"post","link":"https:\/\/triciclo.eco.br\/en\/triciclo-participa-da-conferencia-ethos-2019\/","title":{"rendered":"Triciclo participa da Confer\u00eancia Ethos 2019"},"content":{"rendered":"<h2 style=\"text-align: center;\"><strong>Triciclo esteve presente na Confer\u00eancia Ethos 2019 &#8211; o maior evento de responsabilidade social e sustentabilidade da Am\u00e9rica Latina<\/strong><\/h2>\n<p>&nbsp;<\/p>\n<h4 style=\"text-align: center;\"><em>O evento aconteceu nos dias 03 e 04 de setembro no Pavilh\u00e3o da Bienal, no Parque do Ibirapuera em S\u00e3o Paulo<\/em><\/h4>\n<p>&nbsp;<\/p>\n<p><strong>S\u00e3o Paulo, 03 de outubro de 2019 &#8211;\u00a0<\/strong>A Confer\u00eancia Ethos acontece todos os anos desde 1998, reconhecida como o maior evento de responsabilidade social e sustentabilidade da Am\u00e9rica Latina chega a sua 21\u00ba edi\u00e7\u00e3o. A cada ano traz temas atuais para serem debatidos para que especialistas de diferentes \u00e1reas, profissionais, estudantes e a sociedade civil possam dialogar e, mais que isso, endere\u00e7ar poss\u00edveis caminhos frente \u00e0s necessidades que se configuram.<\/p>\n<p>O evento ocorreu nos dias 03 e 04 de setembro e contou mais uma vez com a parceria da <strong>Triciclo<\/strong>, que disponibilizou a <strong>Retorna Machine<\/strong> para que os participantes pudessem depositar suas embalagens p\u00f3s consumo durante o evento.<\/p>\n<p>Durante o evento foram criadas 50 contas e recolhidas mais de 190 embalagens consumidas no local, o que gerou 4.215 pontos triciclo. Al\u00e9m da disponibiliza\u00e7\u00e3o e apresenta\u00e7\u00e3o da Retorna Machine, a Triciclo tamb\u00e9m ficou encarregada pela log\u00edstica reversa dos res\u00edduos gerados em todo o Evento Confer\u00eancia Ethos. Ao todo, foram recolhidos 334kg de material, composto de material de alum\u00ednio (20kg), pl\u00e1stico \u201cPP\u201d (32kg), pl\u00e1stico \u201cPET\u201d (39kg), papel (8kg), papel\u00e3o (124kg) e rejeitos (110kg). Todo este material teve o destino final adequado.<\/p>\n<p>#TricicloFazendoaDiferen\u00e7a<\/p>","protected":false},"excerpt":{"rendered":"<p>Triciclo esteve presente na Confer\u00eancia Ethos 2019 &#8211; o maior evento de responsabilidade social e sustentabilidade da Am\u00e9rica Latina &nbsp; O evento aconteceu nos dias 03 e 04 de setembro no Pavilh\u00e3o da Bienal, no Parque do Ibirapuera em S\u00e3o Paulo &nbsp; S\u00e3o Paulo, 03 de outubro de 2019 &#8211;\u00a0A Confer\u00eancia Ethos acontece todos os [&hellip;]<\/p>\n","protected":false},"author":2,"featured_media":4209,"comment_status":"open","ping_status":"closed","sticky":false,"template":"","format":"standard","meta":{"_et_pb_use_builder":"","_et_pb_old_content":"","_et_gb_content_width":"","_jetpack_memberships_contains_paid_content":false,"footnotes":""},"categories":[8],"tags":[34,35,36,37,38,39,40,41,42,43,44],"class_list":["post-4208","post","type-post","status-publish","format-standard","has-post-thumbnail","hentry","category-blog","tag-34","tag-america","tag-conferencia","tag-ethos","tag-latina","tag-logistica","tag-presenca","tag-responsabilidade","tag-reversa","tag-social","tag-sustentabilidade"],"aioseo_notices":[],"jetpack_featured_media_url":"https:\/\/triciclo.eco.br\/wp-content\/uploads\/2019\/10\/Conferencia-Ethos-2019.jpg","jetpack_sharing_enabled":true,"_links":{"self":[{"href":"https:\/\/triciclo.eco.br\/en\/wp-json\/wp\/v2\/posts\/4208","targetHints":{"allow":["GET"]}}],"collection":[{"href":"https:\/\/triciclo.eco.br\/en\/wp-json\/wp\/v2\/posts"}],"about":[{"href":"https:\/\/triciclo.eco.br\/en\/wp-json\/wp\/v2\/types\/post"}],"author":[{"embeddable":true,"href":"https:\/\/triciclo.eco.br\/en\/wp-json\/wp\/v2\/users\/2"}],"replies":[{"embeddable":true,"href":"https:\/\/triciclo.eco.br\/en\/wp-json\/wp\/v2\/comments?post=4208"}],"version-history":[{"count":0,"href":"https:\/\/triciclo.eco.br\/en\/wp-json\/wp\/v2\/posts\/4208\/revisions"}],"wp:featuredmedia":[{"embeddable":true,"href":"https:\/\/triciclo.eco.br\/en\/wp-json\/wp\/v2\/media\/4209"}],"wp:attachment":[{"href":"https:\/\/triciclo.eco.br\/en\/wp-json\/wp\/v2\/media?parent=4208"}],"wp:term":[{"taxonomy":"category","embeddable":true,"href":"https:\/\/triciclo.eco.br\/en\/wp-json\/wp\/v2\/categories?post=4208"},{"taxonomy":"post_tag","embeddable":true,"href":"https:\/\/triciclo.eco.br\/en\/wp-json\/wp\/v2\/tags?post=4208"}],"curies":[{"name":"wp","href":"https:\/\/api.w.org\/{rel}","templated":true}]}}