{"id":4379,"date":"2019-11-23T17:02:50","date_gmt":"2019-11-23T19:02:50","guid":{"rendered":"https:\/\/triciclo.eco.br\/?p=4379"},"modified":"2019-11-23T17:02:50","modified_gmt":"2019-11-23T19:02:50","slug":"triciclo-participa-de-acao-da-lm-wind-power-em-pernambuco","status":"publish","type":"post","link":"https:\/\/triciclo.eco.br\/en\/triciclo-participa-de-acao-da-lm-wind-power-em-pernambuco\/","title":{"rendered":"Triciclo participa de a\u00e7\u00e3o da LM Wind Power em Pernambuco"},"content":{"rendered":"<h2 style=\"text-align: center;\"><strong>A Retorna Machine refor\u00e7ou a imagem da sustentabilidade da empresa durante a SIPATMAQ<br \/>\n<\/strong><\/h2>\n<h4 style=\"text-align: center;\"><em>O evento ocorreu entre os dias 18 a 22 de novembro, na sede da empresa em Ipojuca, Pernambuco<\/em><\/h4>\n<p>&nbsp;<\/p>\n<p><strong>S\u00e3o Paulo, 23 de novembro de 2019 \u2013\u00a0 <\/strong>A LM Windpower, uma das maiores fabricantes da ind\u00fastria e\u00f3lica do mundo, disponibilizou uma Retorna Machine a todos os seus colaboradores durante a SIPATMAQ (Semana Interna de Preven\u00e7\u00e3o de Acidentes de Trabalho, Meio Ambiente e Qualidade). Al\u00e9m de recolher as res\u00edduos gerados no pr\u00f3prio local, a empresa refor\u00e7ou seu compromisso com inova\u00e7\u00e3o e sustentabilidade, incentivando e refor\u00e7ando a import\u00e2ncia da reciclagem junto a seus colaboradores e a comunicadade local.<\/p>\n<p>A campanha ocorreu da seguinte forma: os usu\u00e1rios depositavam suas embalagens PET ou alum\u00ednio na Retorna Machine, que reconhecia o res\u00edduo e gerenciava o controle atrav\u00e9s dos respectivos c\u00f3digos de barra. A cada embalagem depositada, era gerado um voucher no valor de 2 pontos. Os maiores pontuadores receberam diversos pr\u00eamios e benef\u00edcios, tais como cafeteiras, barbeadores el\u00e9tricos e brindes exclusivos do evento. Em apenas 5 dias de campanha, mais de 1.500 embalagens foram coletadas, gerando intera\u00e7\u00e3o cont\u00ednua junto aos colaboradores, que resgataram milhares de vouchers. Mais uma vez, a Retorna Machine se apresentou como uma ferramenta inovadora e sustent\u00e1vel, atendendo \u00e0s necessidades e aos ideais do evento de uma forma simples e divertida.<\/p>\n<p>&nbsp;<\/p>\n<p>&nbsp;<\/p>","protected":false},"excerpt":{"rendered":"<p>A Retorna Machine refor\u00e7ou a imagem da sustentabilidade da empresa durante a SIPATMAQ O evento ocorreu entre os dias 18 a 22 de novembro, na sede da empresa em Ipojuca, Pernambuco &nbsp; S\u00e3o Paulo, 23 de novembro de 2019 \u2013\u00a0 A LM Windpower, uma das maiores fabricantes da ind\u00fastria e\u00f3lica do mundo, disponibilizou uma Retorna [&hellip;]<\/p>\n","protected":false},"author":2,"featured_media":4385,"comment_status":"open","ping_status":"closed","sticky":false,"template":"","format":"standard","meta":{"_et_pb_use_builder":"","_et_pb_old_content":"","_et_gb_content_width":"","_jetpack_newsletter_access":"","_jetpack_dont_email_post_to_subs":false,"_jetpack_newsletter_tier_id":0,"_jetpack_memberships_contains_paywalled_content":false,"_jetpack_memberships_contains_paid_content":false,"footnotes":""},"categories":[8],"tags":[48,49,50,51,52,53,27,54,44],"class_list":["post-4379","post","type-post","status-publish","format-standard","has-post-thumbnail","hentry","category-blog","tag-colaboradores","tag-energia-eolica","tag-evento","tag-ipojuca","tag-lm-windpower","tag-pernambuco","tag-pontos","tag-sipatmaq","tag-sustentabilidade"],"aioseo_notices":[],"aioseo_head":"\n\t\t<!-- All in One SEO 5.0.0.1 - aioseo.com -->\n\t<meta name=\"description\" content=\"A Retorna Machine refor\u00e7ou a imagem da sustentabilidade da empresa durante a SIPATMAQ O evento ocorreu entre os dias 18 a 22 de novembro, na sede da empresa em Ipojuca, Pernambuco S\u00e3o Paulo, 23 de novembro de 2019 \u2013 A LM Windpower, uma das maiores fabricantes da ind\u00fastria e\u00f3lica do mundo, disponibilizou uma Retorna\" \/>\n\t<meta name=\"robots\" content=\"max-image-preview:large\" \/>\n\t<meta name=\"author\" content=\"Triciclo\"\/>\n\t<link rel=\"canonical\" href=\"https:\/\/triciclo.eco.br\/en\/triciclo-participa-de-acao-da-lm-wind-power-em-pernambuco\/\" \/>\n\t<meta name=\"generator\" content=\"All in One SEO (AIOSEO) 5.0.0.1\" \/>\n\t\t<meta property=\"og:locale\" content=\"en_US\" \/>\n\t\t<meta property=\"og:site_name\" content=\"Ambipar Triciclo - Solu\u00e7\u00f5es Sustent\u00e1veis\" \/>\n\t\t<meta property=\"og:type\" content=\"article\" \/>\n\t\t<meta property=\"og:title\" content=\"Triciclo participa de a\u00e7\u00e3o da LM Wind Power em Pernambuco - Ambipar Triciclo\" \/>\n\t\t<meta property=\"og:description\" content=\"A Retorna Machine refor\u00e7ou a imagem da sustentabilidade da empresa durante a SIPATMAQ O evento ocorreu entre os dias 18 a 22 de novembro, na sede da empresa em Ipojuca, Pernambuco S\u00e3o Paulo, 23 de novembro de 2019 \u2013 A LM Windpower, uma das maiores fabricantes da ind\u00fastria e\u00f3lica do mundo, disponibilizou uma Retorna\" \/>\n\t\t<meta property=\"og:url\" content=\"https:\/\/triciclo.eco.br\/en\/triciclo-participa-de-acao-da-lm-wind-power-em-pernambuco\/\" \/>\n\t\t<meta property=\"og:image\" content=\"https:\/\/triciclo.eco.br\/wp-content\/uploads\/2023\/08\/triciclo-logo-1.png\" \/>\n\t\t<meta property=\"og:image:secure_url\" content=\"https:\/\/triciclo.eco.br\/wp-content\/uploads\/2023\/08\/triciclo-logo-1.png\" \/>\n\t\t<meta property=\"og:image:width\" content=\"200\" \/>\n\t\t<meta property=\"og:image:height\" content=\"200\" \/>\n\t\t<meta property=\"article:published_time\" content=\"2019-11-23T19:02:50+00:00\" \/>\n\t\t<meta property=\"article:modified_time\" content=\"2019-11-23T19:02:50+00:00\" \/>\n\t\t<meta property=\"article:publisher\" content=\"https:\/\/www.facebook.com\/ambipar.triciclo\" \/>\n\t\t<meta name=\"twitter:card\" content=\"summary_large_image\" \/>\n\t\t<meta name=\"twitter:site\" content=\"@AmbiparTriciclo\" \/>\n\t\t<meta name=\"twitter:title\" content=\"Triciclo participa de a\u00e7\u00e3o da LM Wind Power em Pernambuco - Ambipar Triciclo\" \/>\n\t\t<meta name=\"twitter:description\" content=\"A Retorna Machine refor\u00e7ou a imagem da sustentabilidade da empresa durante a SIPATMAQ O evento ocorreu entre os dias 18 a 22 de novembro, na sede da empresa em Ipojuca, Pernambuco S\u00e3o Paulo, 23 de novembro de 2019 \u2013 A LM Windpower, uma das maiores fabricantes da ind\u00fastria e\u00f3lica do mundo, disponibilizou uma Retorna\" \/>\n\t\t<meta name=\"twitter:creator\" content=\"@AmbiparTriciclo\" \/>\n\t\t<meta name=\"twitter:image\" content=\"https:\/\/triciclo.eco.br\/wp-content\/uploads\/2023\/08\/Triciclo.jpg\" \/>\n\t\t<script type=\"application\/ld+json\" class=\"aioseo-schema\">\n\t\t\t{\"@context\":\"https:\\\/\\\/schema.org\",\"@graph\":[{\"@type\":\"BlogPosting\",\"@id\":\"https:\\\/\\\/triciclo.eco.br\\\/en\\\/triciclo-participa-de-acao-da-lm-wind-power-em-pernambuco\\\/#blogposting\",\"name\":\"Triciclo participa de a\\u00e7\\u00e3o da LM Wind Power em Pernambuco - Ambipar Triciclo\",\"headline\":\"Triciclo participa de a\\u00e7\\u00e3o da LM Wind Power em Pernambuco\",\"author\":{\"@id\":\"https:\\\/\\\/triciclo.eco.br\\\/en\\\/author\\\/triciclo\\\/#author\"},\"publisher\":{\"@id\":\"https:\\\/\\\/triciclo.eco.br\\\/en\\\/#organization\"},\"image\":{\"@type\":\"ImageObject\",\"url\":\"https:\\\/\\\/triciclo.eco.br\\\/wp-content\\\/uploads\\\/2019\\\/12\\\/acao-lm-windpower-pernambuco_2.jpg\",\"width\":1000,\"height\":1260},\"datePublished\":\"2019-11-23T17:02:50-03:00\",\"dateModified\":\"2019-11-23T17:02:50-03:00\",\"inLanguage\":\"en-US\",\"mainEntityOfPage\":{\"@id\":\"https:\\\/\\\/triciclo.eco.br\\\/en\\\/triciclo-participa-de-acao-da-lm-wind-power-em-pernambuco\\\/#webpage\"},\"isPartOf\":{\"@id\":\"https:\\\/\\\/triciclo.eco.br\\\/en\\\/triciclo-participa-de-acao-da-lm-wind-power-em-pernambuco\\\/#webpage\"},\"articleSection\":\"Blog, colaboradores, energia e\\u00f3lica, Evento, Ipojuca, LM Windpower, Pernambuco, pontos, SIPATMAQ, sustentabilidade\"},{\"@type\":\"BreadcrumbList\",\"@id\":\"https:\\\/\\\/triciclo.eco.br\\\/en\\\/triciclo-participa-de-acao-da-lm-wind-power-em-pernambuco\\\/#breadcrumblist\",\"itemListElement\":[{\"@type\":\"ListItem\",\"@id\":\"https:\\\/\\\/triciclo.eco.br\\\/en#listItem\",\"position\":1,\"name\":\"In\\u00edcio\",\"item\":\"https:\\\/\\\/triciclo.eco.br\\\/en\",\"nextItem\":{\"@type\":\"ListItem\",\"@id\":\"https:\\\/\\\/triciclo.eco.br\\\/en\\\/category\\\/blog\\\/#listItem\",\"name\":\"Blog\"}},{\"@type\":\"ListItem\",\"@id\":\"https:\\\/\\\/triciclo.eco.br\\\/en\\\/category\\\/blog\\\/#listItem\",\"position\":2,\"name\":\"Blog\",\"item\":\"https:\\\/\\\/triciclo.eco.br\\\/en\\\/category\\\/blog\\\/\",\"nextItem\":{\"@type\":\"ListItem\",\"@id\":\"https:\\\/\\\/triciclo.eco.br\\\/en\\\/triciclo-participa-de-acao-da-lm-wind-power-em-pernambuco\\\/#listItem\",\"name\":\"Triciclo participa de a\\u00e7\\u00e3o da LM Wind Power em Pernambuco\"},\"previousItem\":{\"@type\":\"ListItem\",\"@id\":\"https:\\\/\\\/triciclo.eco.br\\\/en#listItem\",\"name\":\"In\\u00edcio\"}},{\"@type\":\"ListItem\",\"@id\":\"https:\\\/\\\/triciclo.eco.br\\\/en\\\/triciclo-participa-de-acao-da-lm-wind-power-em-pernambuco\\\/#listItem\",\"position\":3,\"name\":\"Triciclo participa de a\\u00e7\\u00e3o da LM Wind Power em Pernambuco\",\"previousItem\":{\"@type\":\"ListItem\",\"@id\":\"https:\\\/\\\/triciclo.eco.br\\\/en\\\/category\\\/blog\\\/#listItem\",\"name\":\"Blog\"}}]},{\"@type\":\"Organization\",\"@id\":\"https:\\\/\\\/triciclo.eco.br\\\/en\\\/#organization\",\"name\":\"Ambipar Triciclo Solu\\u00e7\\u00f5es Sustent\\u00e1veis\",\"description\":\"Solu\\u00e7\\u00f5es Sustent\\u00e1veis\",\"url\":\"https:\\\/\\\/triciclo.eco.br\\\/en\\\/\",\"telephone\":\"+551134295050\",\"logo\":{\"@type\":\"ImageObject\",\"url\":\"https:\\\/\\\/triciclo.eco.br\\\/wp-content\\\/uploads\\\/2023\\\/08\\\/Triciclo.jpg\",\"@id\":\"https:\\\/\\\/triciclo.eco.br\\\/en\\\/triciclo-participa-de-acao-da-lm-wind-power-em-pernambuco\\\/#organizationLogo\",\"width\":113,\"height\":113},\"image\":{\"@id\":\"https:\\\/\\\/triciclo.eco.br\\\/en\\\/triciclo-participa-de-acao-da-lm-wind-power-em-pernambuco\\\/#organizationLogo\"},\"sameAs\":[\"https:\\\/\\\/www.facebook.com\\\/ambipar.triciclo\",\"https:\\\/\\\/twitter.com\\\/AmbiparTriciclo\",\"https:\\\/\\\/www.instagram.com\\\/triciclo_retornamachine\\\/\",\"https:\\\/\\\/www.youtube.com\\\/@TricicloSolucoesSustentaveis\",\"https:\\\/\\\/www.linkedin.com\\\/company\\\/triciclo-solues-sustentveis\\\/\"]},{\"@type\":\"Person\",\"@id\":\"https:\\\/\\\/triciclo.eco.br\\\/en\\\/author\\\/triciclo\\\/#author\",\"url\":\"https:\\\/\\\/triciclo.eco.br\\\/en\\\/author\\\/triciclo\\\/\",\"name\":\"Triciclo\",\"image\":{\"@type\":\"ImageObject\",\"@id\":\"https:\\\/\\\/triciclo.eco.br\\\/en\\\/triciclo-participa-de-acao-da-lm-wind-power-em-pernambuco\\\/#authorImage\",\"url\":\"https:\\\/\\\/secure.gravatar.com\\\/avatar\\\/8031027e39acb0f958577a55663464ac1cd1ffb991a23bf69b3ffbe38b0ecfbf?s=96&d=mm&r=g\",\"width\":96,\"height\":96,\"caption\":\"Triciclo\"}},{\"@type\":\"WebPage\",\"@id\":\"https:\\\/\\\/triciclo.eco.br\\\/en\\\/triciclo-participa-de-acao-da-lm-wind-power-em-pernambuco\\\/#webpage\",\"url\":\"https:\\\/\\\/triciclo.eco.br\\\/en\\\/triciclo-participa-de-acao-da-lm-wind-power-em-pernambuco\\\/\",\"name\":\"Triciclo participa de a\\u00e7\\u00e3o da LM Wind Power em Pernambuco - Ambipar Triciclo\",\"description\":\"A Retorna Machine refor\\u00e7ou a imagem da sustentabilidade da empresa durante a SIPATMAQ O evento ocorreu entre os dias 18 a 22 de novembro, na sede da empresa em Ipojuca, Pernambuco S\\u00e3o Paulo, 23 de novembro de 2019 \\u2013 A LM Windpower, uma das maiores fabricantes da ind\\u00fastria e\\u00f3lica do mundo, disponibilizou uma Retorna\",\"inLanguage\":\"en-US\",\"isPartOf\":{\"@id\":\"https:\\\/\\\/triciclo.eco.br\\\/en\\\/#website\"},\"breadcrumb\":{\"@id\":\"https:\\\/\\\/triciclo.eco.br\\\/en\\\/triciclo-participa-de-acao-da-lm-wind-power-em-pernambuco\\\/#breadcrumblist\"},\"author\":{\"@id\":\"https:\\\/\\\/triciclo.eco.br\\\/en\\\/author\\\/triciclo\\\/#author\"},\"creator\":{\"@id\":\"https:\\\/\\\/triciclo.eco.br\\\/en\\\/author\\\/triciclo\\\/#author\"},\"image\":{\"@type\":\"ImageObject\",\"url\":\"https:\\\/\\\/triciclo.eco.br\\\/wp-content\\\/uploads\\\/2019\\\/12\\\/acao-lm-windpower-pernambuco_2.jpg\",\"@id\":\"https:\\\/\\\/triciclo.eco.br\\\/en\\\/triciclo-participa-de-acao-da-lm-wind-power-em-pernambuco\\\/#mainImage\",\"width\":1000,\"height\":1260},\"primaryImageOfPage\":{\"@id\":\"https:\\\/\\\/triciclo.eco.br\\\/en\\\/triciclo-participa-de-acao-da-lm-wind-power-em-pernambuco\\\/#mainImage\"},\"datePublished\":\"2019-11-23T17:02:50-03:00\",\"dateModified\":\"2019-11-23T17:02:50-03:00\"},{\"@type\":\"WebSite\",\"@id\":\"https:\\\/\\\/triciclo.eco.br\\\/en\\\/#website\",\"url\":\"https:\\\/\\\/triciclo.eco.br\\\/en\\\/\",\"name\":\"Ambipar Triciclo\",\"alternateName\":\"Triciclo\",\"description\":\"Solu\\u00e7\\u00f5es Sustent\\u00e1veis\",\"inLanguage\":\"en-US\",\"publisher\":{\"@id\":\"https:\\\/\\\/triciclo.eco.br\\\/en\\\/#organization\"}}]}\n\t\t<\/script>\n\t\t<!-- All in One SEO -->\n\n","aioseo_head_json":{"title":"Triciclo participa de a\u00e7\u00e3o da LM Wind Power em Pernambuco - Ambipar Triciclo","description":"A Retorna Machine refor\u00e7ou a imagem da sustentabilidade da empresa durante a SIPATMAQ O evento ocorreu entre os dias 18 a 22 de novembro, na sede da empresa em Ipojuca, Pernambuco S\u00e3o Paulo, 23 de novembro de 2019 \u2013 A LM Windpower, uma das maiores fabricantes da ind\u00fastria e\u00f3lica do mundo, disponibilizou uma Retorna","canonical_url":"https:\/\/triciclo.eco.br\/en\/triciclo-participa-de-acao-da-lm-wind-power-em-pernambuco\/","robots":"max-image-preview:large","keywords":"","webmasterTools":{"miscellaneous":""},"schema":{"@context":"https:\/\/schema.org","@graph":[{"@type":"BlogPosting","@id":"https:\/\/triciclo.eco.br\/en\/triciclo-participa-de-acao-da-lm-wind-power-em-pernambuco\/#blogposting","name":"Triciclo participa de a\u00e7\u00e3o da LM Wind Power em Pernambuco - Ambipar Triciclo","headline":"Triciclo participa de a\u00e7\u00e3o da LM Wind Power em Pernambuco","author":{"@id":"https:\/\/triciclo.eco.br\/en\/author\/triciclo\/#author"},"publisher":{"@id":"https:\/\/triciclo.eco.br\/en\/#organization"},"image":{"@type":"ImageObject","url":"https:\/\/triciclo.eco.br\/wp-content\/uploads\/2019\/12\/acao-lm-windpower-pernambuco_2.jpg","width":1000,"height":1260},"datePublished":"2019-11-23T17:02:50-03:00","dateModified":"2019-11-23T17:02:50-03:00","inLanguage":"en-US","mainEntityOfPage":{"@id":"https:\/\/triciclo.eco.br\/en\/triciclo-participa-de-acao-da-lm-wind-power-em-pernambuco\/#webpage"},"isPartOf":{"@id":"https:\/\/triciclo.eco.br\/en\/triciclo-participa-de-acao-da-lm-wind-power-em-pernambuco\/#webpage"},"articleSection":"Blog, colaboradores, energia e\u00f3lica, Evento, Ipojuca, LM Windpower, Pernambuco, pontos, SIPATMAQ, sustentabilidade"},{"@type":"BreadcrumbList","@id":"https:\/\/triciclo.eco.br\/en\/triciclo-participa-de-acao-da-lm-wind-power-em-pernambuco\/#breadcrumblist","itemListElement":[{"@type":"ListItem","@id":"https:\/\/triciclo.eco.br\/en#listItem","position":1,"name":"In\u00edcio","item":"https:\/\/triciclo.eco.br\/en","nextItem":{"@type":"ListItem","@id":"https:\/\/triciclo.eco.br\/en\/category\/blog\/#listItem","name":"Blog"}},{"@type":"ListItem","@id":"https:\/\/triciclo.eco.br\/en\/category\/blog\/#listItem","position":2,"name":"Blog","item":"https:\/\/triciclo.eco.br\/en\/category\/blog\/","nextItem":{"@type":"ListItem","@id":"https:\/\/triciclo.eco.br\/en\/triciclo-participa-de-acao-da-lm-wind-power-em-pernambuco\/#listItem","name":"Triciclo participa de a\u00e7\u00e3o da LM Wind Power em Pernambuco"},"previousItem":{"@type":"ListItem","@id":"https:\/\/triciclo.eco.br\/en#listItem","name":"In\u00edcio"}},{"@type":"ListItem","@id":"https:\/\/triciclo.eco.br\/en\/triciclo-participa-de-acao-da-lm-wind-power-em-pernambuco\/#listItem","position":3,"name":"Triciclo participa de a\u00e7\u00e3o da LM Wind Power em Pernambuco","previousItem":{"@type":"ListItem","@id":"https:\/\/triciclo.eco.br\/en\/category\/blog\/#listItem","name":"Blog"}}]},{"@type":"Organization","@id":"https:\/\/triciclo.eco.br\/en\/#organization","name":"Ambipar Triciclo Solu\u00e7\u00f5es Sustent\u00e1veis","description":"Solu\u00e7\u00f5es Sustent\u00e1veis","url":"https:\/\/triciclo.eco.br\/en\/","telephone":"+551134295050","logo":{"@type":"ImageObject","url":"https:\/\/triciclo.eco.br\/wp-content\/uploads\/2023\/08\/Triciclo.jpg","@id":"https:\/\/triciclo.eco.br\/en\/triciclo-participa-de-acao-da-lm-wind-power-em-pernambuco\/#organizationLogo","width":113,"height":113},"image":{"@id":"https:\/\/triciclo.eco.br\/en\/triciclo-participa-de-acao-da-lm-wind-power-em-pernambuco\/#organizationLogo"},"sameAs":["https:\/\/www.facebook.com\/ambipar.triciclo","https:\/\/twitter.com\/AmbiparTriciclo","https:\/\/www.instagram.com\/triciclo_retornamachine\/","https:\/\/www.youtube.com\/@TricicloSolucoesSustentaveis","https:\/\/www.linkedin.com\/company\/triciclo-solues-sustentveis\/"]},{"@type":"Person","@id":"https:\/\/triciclo.eco.br\/en\/author\/triciclo\/#author","url":"https:\/\/triciclo.eco.br\/en\/author\/triciclo\/","name":"Triciclo","image":{"@type":"ImageObject","@id":"https:\/\/triciclo.eco.br\/en\/triciclo-participa-de-acao-da-lm-wind-power-em-pernambuco\/#authorImage","url":"https:\/\/secure.gravatar.com\/avatar\/8031027e39acb0f958577a55663464ac1cd1ffb991a23bf69b3ffbe38b0ecfbf?s=96&d=mm&r=g","width":96,"height":96,"caption":"Triciclo"}},{"@type":"WebPage","@id":"https:\/\/triciclo.eco.br\/en\/triciclo-participa-de-acao-da-lm-wind-power-em-pernambuco\/#webpage","url":"https:\/\/triciclo.eco.br\/en\/triciclo-participa-de-acao-da-lm-wind-power-em-pernambuco\/","name":"Triciclo participa de a\u00e7\u00e3o da LM Wind Power em Pernambuco - Ambipar Triciclo","description":"A Retorna Machine refor\u00e7ou a imagem da sustentabilidade da empresa durante a SIPATMAQ O evento ocorreu entre os dias 18 a 22 de novembro, na sede da empresa em Ipojuca, Pernambuco S\u00e3o Paulo, 23 de novembro de 2019 \u2013 A LM Windpower, uma das maiores fabricantes da ind\u00fastria e\u00f3lica do mundo, disponibilizou uma Retorna","inLanguage":"en-US","isPartOf":{"@id":"https:\/\/triciclo.eco.br\/en\/#website"},"breadcrumb":{"@id":"https:\/\/triciclo.eco.br\/en\/triciclo-participa-de-acao-da-lm-wind-power-em-pernambuco\/#breadcrumblist"},"author":{"@id":"https:\/\/triciclo.eco.br\/en\/author\/triciclo\/#author"},"creator":{"@id":"https:\/\/triciclo.eco.br\/en\/author\/triciclo\/#author"},"image":{"@type":"ImageObject","url":"https:\/\/triciclo.eco.br\/wp-content\/uploads\/2019\/12\/acao-lm-windpower-pernambuco_2.jpg","@id":"https:\/\/triciclo.eco.br\/en\/triciclo-participa-de-acao-da-lm-wind-power-em-pernambuco\/#mainImage","width":1000,"height":1260},"primaryImageOfPage":{"@id":"https:\/\/triciclo.eco.br\/en\/triciclo-participa-de-acao-da-lm-wind-power-em-pernambuco\/#mainImage"},"datePublished":"2019-11-23T17:02:50-03:00","dateModified":"2019-11-23T17:02:50-03:00"},{"@type":"WebSite","@id":"https:\/\/triciclo.eco.br\/en\/#website","url":"https:\/\/triciclo.eco.br\/en\/","name":"Ambipar Triciclo","alternateName":"Triciclo","description":"Solu\u00e7\u00f5es Sustent\u00e1veis","inLanguage":"en-US","publisher":{"@id":"https:\/\/triciclo.eco.br\/en\/#organization"}}]},"og:locale":"en_US","og:site_name":"Ambipar Triciclo - Solu\u00e7\u00f5es Sustent\u00e1veis","og:type":"article","og:title":"Triciclo participa de a\u00e7\u00e3o da LM Wind Power em Pernambuco - Ambipar Triciclo","og:description":"A Retorna Machine refor\u00e7ou a imagem da sustentabilidade da empresa durante a SIPATMAQ O evento ocorreu entre os dias 18 a 22 de novembro, na sede da empresa em Ipojuca, Pernambuco S\u00e3o Paulo, 23 de novembro de 2019 \u2013 A LM Windpower, uma das maiores fabricantes da ind\u00fastria e\u00f3lica do mundo, disponibilizou uma Retorna","og:url":"https:\/\/triciclo.eco.br\/en\/triciclo-participa-de-acao-da-lm-wind-power-em-pernambuco\/","og:image":"https:\/\/triciclo.eco.br\/wp-content\/uploads\/2023\/08\/triciclo-logo-1.png","og:image:secure_url":"https:\/\/triciclo.eco.br\/wp-content\/uploads\/2023\/08\/triciclo-logo-1.png","og:image:width":200,"og:image:height":200,"article:published_time":"2019-11-23T19:02:50+00:00","article:modified_time":"2019-11-23T19:02:50+00:00","article:publisher":"https:\/\/www.facebook.com\/ambipar.triciclo","twitter:card":"summary_large_image","twitter:site":"@AmbiparTriciclo","twitter:title":"Triciclo participa de a\u00e7\u00e3o da LM Wind Power em Pernambuco - Ambipar Triciclo","twitter:description":"A Retorna Machine refor\u00e7ou a imagem da sustentabilidade da empresa durante a SIPATMAQ O evento ocorreu entre os dias 18 a 22 de novembro, na sede da empresa em Ipojuca, Pernambuco S\u00e3o Paulo, 23 de novembro de 2019 \u2013 A LM Windpower, uma das maiores fabricantes da ind\u00fastria e\u00f3lica do mundo, disponibilizou uma Retorna","twitter:creator":"@AmbiparTriciclo","twitter:image":"https:\/\/triciclo.eco.br\/wp-content\/uploads\/2023\/08\/Triciclo.jpg"},"aioseo_meta_data":{"post_id":"4379","title":null,"description":null,"keywords":null,"keyphrases":null,"primary_term":null,"canonical_url":null,"og_title":null,"og_description":null,"og_object_type":"default","og_image_type":"default","og_image_url":null,"og_image_width":null,"og_image_height":null,"og_image_custom_url":null,"og_image_custom_fields":null,"og_video":null,"og_custom_url":null,"og_article_section":null,"og_article_tags":null,"twitter_use_og":false,"twitter_card":"default","twitter_image_type":"default","twitter_image_url":null,"twitter_image_custom_url":null,"twitter_image_custom_fields":null,"twitter_title":null,"twitter_description":null,"schema":{"blockGraphs":[],"customGraphs":[],"default":{"data":{"Article":[],"Course":[],"Dataset":[],"FAQPage":[],"Movie":[],"Person":[],"Product":[],"ProductReview":[],"Car":[],"Recipe":[],"Service":[],"SoftwareApplication":[],"WebPage":[]},"graphName":"","isEnabled":true},"graphs":[]},"schema_type":"default","schema_type_options":null,"pillar_content":false,"robots_default":true,"robots_noindex":false,"robots_noarchive":false,"robots_nosnippet":false,"robots_nofollow":false,"robots_noimageindex":false,"robots_noodp":false,"robots_notranslate":false,"robots_max_snippet":null,"robots_max_videopreview":null,"robots_max_imagepreview":"large","priority":null,"frequency":null,"local_seo":null,"breadcrumb_settings":null,"limit_modified_date":false,"ai":null,"created":"2023-08-29 18:01:53","updated":"2025-08-01 16:01:06","focus_keyword":null,"additional_keywords":null,"truseo_locale":null,"seo_analyzer_scan_date":null},"aioseo_breadcrumb":"<div class=\"aioseo-breadcrumbs\"><span class=\"aioseo-breadcrumb\">\n\t\t\t<a href=\"https:\/\/triciclo.eco.br\/en\" title=\"In\u00edcio\">In\u00edcio<\/a>\n\t\t<\/span><span class=\"aioseo-breadcrumb-separator\">&raquo;<\/span><span class=\"aioseo-breadcrumb\">\n\t\t\t<a href=\"https:\/\/triciclo.eco.br\/en\/category\/blog\/\" title=\"Blog\">Blog<\/a>\n\t\t<\/span><span class=\"aioseo-breadcrumb-separator\">&raquo;<\/span><span class=\"aioseo-breadcrumb\">\n\t\t\tTriciclo participa de a\u00e7\u00e3o da LM Wind Power em Pernambuco\n\t\t<\/span><\/div>","aioseo_breadcrumb_json":[{"label":"In\u00edcio","link":"https:\/\/triciclo.eco.br\/en"},{"label":"Blog","link":"https:\/\/triciclo.eco.br\/en\/category\/blog\/"},{"label":"Triciclo participa de a\u00e7\u00e3o da LM Wind Power em Pernambuco","link":"https:\/\/triciclo.eco.br\/en\/triciclo-participa-de-acao-da-lm-wind-power-em-pernambuco\/"}],"jetpack_sharing_enabled":true,"jetpack_featured_media_url":"https:\/\/triciclo.eco.br\/wp-content\/uploads\/2019\/12\/acao-lm-windpower-pernambuco_2.jpg","_links":{"self":[{"href":"https:\/\/triciclo.eco.br\/en\/wp-json\/wp\/v2\/posts\/4379","targetHints":{"allow":["GET"]}}],"collection":[{"href":"https:\/\/triciclo.eco.br\/en\/wp-json\/wp\/v2\/posts"}],"about":[{"href":"https:\/\/triciclo.eco.br\/en\/wp-json\/wp\/v2\/types\/post"}],"author":[{"embeddable":true,"href":"https:\/\/triciclo.eco.br\/en\/wp-json\/wp\/v2\/users\/2"}],"replies":[{"embeddable":true,"href":"https:\/\/triciclo.eco.br\/en\/wp-json\/wp\/v2\/comments?post=4379"}],"version-history":[{"count":0,"href":"https:\/\/triciclo.eco.br\/en\/wp-json\/wp\/v2\/posts\/4379\/revisions"}],"wp:featuredmedia":[{"embeddable":true,"href":"https:\/\/triciclo.eco.br\/en\/wp-json\/wp\/v2\/media\/4385"}],"wp:attachment":[{"href":"https:\/\/triciclo.eco.br\/en\/wp-json\/wp\/v2\/media?parent=4379"}],"wp:term":[{"taxonomy":"category","embeddable":true,"href":"https:\/\/triciclo.eco.br\/en\/wp-json\/wp\/v2\/categories?post=4379"},{"taxonomy":"post_tag","embeddable":true,"href":"https:\/\/triciclo.eco.br\/en\/wp-json\/wp\/v2\/tags?post=4379"}],"curies":[{"name":"wp","href":"https:\/\/api.w.org\/{rel}","templated":true}]}}