{"id":1260,"date":"2017-06-08T21:55:37","date_gmt":"2017-06-08T21:55:37","guid":{"rendered":"https:\/\/triciclo.eco.br\/?p=1260"},"modified":"2017-06-08T21:55:37","modified_gmt":"2017-06-08T21:55:37","slug":"triciclo-e-cbf-mais-um-show-de-parceria","status":"publish","type":"post","link":"https:\/\/triciclo.eco.br\/es\/triciclo-e-cbf-mais-um-show-de-parceria\/","title":{"rendered":"Triciclo e CBF, mais um show de parceria!"},"content":{"rendered":"<h2 class=\"font_8\" data-reactid=\".0.$SITE_ROOT.$desktop_siteRoot.$PAGES_CONTAINER.1.1.$SITE_PAGES.$cndx_DESKTOP.1.$i7m51a7c_5.0.0.$child.$0.1.$1.$5.$0.0.0\">Triciclo e CBF, um sucesso\u00a0na Copa Verde de 2.017!<\/h2>\n<p><span data-reactid=\".0.$SITE_ROOT.$desktop_siteRoot.$PAGES_CONTAINER.1.1.$SITE_PAGES.$cndx_DESKTOP.1.$i7m51a7c_5.0.0.$child.$0.1.$1.$5.$0.0.0.0\">S\u00e3o Paulo, 08 de junho de 2.017\u00a0&#8211;\u00a0<\/span><span data-reactid=\".0.$SITE_ROOT.$desktop_siteRoot.$PAGES_CONTAINER.1.1.$SITE_PAGES.$cndx_DESKTOP.1.$i7m51a7c_5.0.0.$child.$0.1.$1.$5.$0.0.0.1\">A inovadora parceria realizada entre Triciclo e CBF na Copa Verde do ano passado fez tanto sucesso que ela continuou na edi\u00e7\u00e3o de 2017; e o sucesso foi ainda maior! \u00a0<\/span><\/p>\n<p>Como no ano passado, a campanha funcionou da seguinte forma: o torcedor depositava 3 embalagens de bebida na Retorna Machine, que logo lhe imprimia um ingresso (o \u201cingresso sustent\u00e1vel\u201d) para o jogo escolhido. Cada torcedor, pelo seu CPF, poderia obter at\u00e9 4 ingressos. A CBF disponibilizou, ao total, uma carga de 3.000 ingressos sustent\u00e1veis para cada jogo atendido pela iniciativa.<\/p>\n<p><span data-reactid=\".0.$SITE_ROOT.$desktop_siteRoot.$PAGES_CONTAINER.1.1.$SITE_PAGES.$cndx_DESKTOP.1.$i7m51a7c_5.0.0.$child.$0.1.$1.$5.$0.0.4.1\">A campanha ocorreu durante os meses de fevereiro e mar\u00e7o deste ano. Ao todo, 7 estados e 7 das cidades convidadas para sediar o campeonato tiveram a oportunidade de contar com a a\u00e7\u00e3o sustent\u00e1vel. Foram atendidos 8 jogos, envolvendo 13 times do campeonato e levando 20 mil torcedores aos est\u00e1dios.<\/span><\/p>\n<p><span data-reactid=\".0.$SITE_ROOT.$desktop_siteRoot.$PAGES_CONTAINER.1.1.$SITE_PAGES.$cndx_DESKTOP.1.$i7m51a7c_5.0.0.$child.$0.1.$1.$5.$0.0.6.1\">Com um expressivo aumento de 618kg a mais de material recolhido, a edi\u00e7\u00e3o da Copa Verde de 2.017, atrav\u00e9s das Retorna Machines, recolheu um total de 2.600kg de\u00a0material (entre PET e alum\u00ednio). Todo esse material foi revertido para as cooperativas de catadores locais.<\/span><\/p>\n<p><span data-reactid=\".0.$SITE_ROOT.$desktop_siteRoot.$PAGES_CONTAINER.1.1.$SITE_PAGES.$cndx_DESKTOP.1.$i7m51a7c_5.0.0.$child.$0.1.$1.$5.$0.0.8.1\">A a\u00e7\u00e3o ainda contou com a participa\u00e7\u00e3o do Ministro do Meio Ambiente, Jos\u00e9 Sarney Filho, que utilizou a Retorna Machine para depositar 3 garrafas PET e obteve seu ingresso para assistir \u00e0 partida entre Remo\/PA x Santos\/AP, ocorrido no Est\u00e1dio do Mangueir\u00e3o, Bel\u00e9m\/PA, no dia 30.03.<\/span><\/p>\n<p><span data-reactid=\".0.$SITE_ROOT.$desktop_siteRoot.$PAGES_CONTAINER.1.1.$SITE_PAGES.$cndx_DESKTOP.1.$i7m51a7c_5.0.0.$child.$0.1.$1.$5.$0.0.20.0\">Para mais fotos, acesse:\u00a0<\/span><span data-reactid=\".0.$SITE_ROOT.$desktop_siteRoot.$PAGES_CONTAINER.1.1.$SITE_PAGES.$cndx_DESKTOP.1.$i7m51a7c_5.0.0.$child.$0.1.$1.$5.$0.0.20.1\"><a href=\"https:\/\/www.facebook.com\/pg\/triciclo.retornamachine\/photos\/?tab=album&amp;album_id=2261784144046087\" target=\"_blank\" rel=\"noopener noreferrer\" data-content=\"https:\/\/www.facebook.com\/pg\/triciclo.retornamachine\/photos\/?tab=album&amp;album_id=2261784144046087\" data-type=\"external\" data-reactid=\".0.$SITE_ROOT.$desktop_siteRoot.$PAGES_CONTAINER.1.1.$SITE_PAGES.$cndx_DESKTOP.1.$i7m51a7c_5.0.0.$child.$0.1.$1.$5.$0.0.20.1.0\">https:\/\/www.facebook.com\/pg\/triciclo.retornamachine\/photos\/?tab=album&amp;album_id=2261784144046087<\/a><\/span><\/p>\n<p><span data-reactid=\".0.$SITE_ROOT.$desktop_siteRoot.$PAGES_CONTAINER.1.1.$SITE_PAGES.$cndx_DESKTOP.1.$i7m51a7c_5.0.0.$child.$0.1.$1.$5.$0.0.a.1\">Dados consolidados da participa\u00e7\u00e3o na Copa Verde de 2.017:<\/span><\/p>\n<p><strong>04\/03\/2017 \u2022 19:00<\/strong><br \/>\n<strong>JOGO: 6 | GRUPO A<br \/>\nArena da Floresta &#8211; Rio Branco &#8211; AC<br \/>\nJOGO: <\/strong><span data-reactid=\".0.$SITE_ROOT.$desktop_siteRoot.$PAGES_CONTAINER.1.1.$SITE_PAGES.$cndx_DESKTOP.1.$i7m51a7c_5.0.0.$child.$0.1.$1.$5.$0.0.g.1\">Galvez\/AC x Paysandu\/PA<br \/>\n<\/span>3.000 ingressos sustent\u00e1veis.<br \/>\nP\u00fablico total de 3.156.<\/p>\n<p><strong>05\/03\/2017 \u2022 16:00<br \/>\nJOGO: 11 | GRUPO G<br \/>\nMoren\u00e3o &#8211; Campo Grande &#8211; MS<br \/>\nJOGO:<\/strong><span data-reactid=\".0.$SITE_ROOT.$desktop_siteRoot.$PAGES_CONTAINER.1.1.$SITE_PAGES.$cndx_DESKTOP.1.$i7m51a7c_5.0.0.$child.$0.1.$1.$5.$0.0.n.1\"> Oper\u00e1rio\/MS x Luzi\u00e2nia\/DF<br \/>\n<\/span>3.000 ingressos sustent\u00e1veis.<br \/>\nP\u00fablico total de 3.092.<\/p>\n<div id=\"innercomp_vcbi1xo0\" class=\"s_heNoSkinPhoto\" title=\"\" data-exact-height=\"198.45000000000002\" data-content-padding-horizontal=\"0\" data-content-padding-vertical=\"0\" data-reactid=\".0.$SITE_ROOT.$desktop_siteRoot.$PAGES_CONTAINER.1.1.$SITE_PAGES.$cndx_DESKTOP.1.$i7m51a7c_5.0.0.$child.$0.1.$1.$5.$0.0.q:0\">\n<div id=\"innercomp_vcbi1xo0link\" class=\"s_heNoSkinPhotolink\" data-reactid=\".0.$SITE_ROOT.$desktop_siteRoot.$PAGES_CONTAINER.1.1.$SITE_PAGES.$cndx_DESKTOP.1.$i7m51a7c_5.0.0.$child.$0.1.$1.$5.$0.0.q:0.0\">\n<div id=\"innercomp_vcbi1xo0img\" class=\"s_heNoSkinPhotoimg\" data-style=\"\" data-reactid=\".0.$SITE_ROOT.$desktop_siteRoot.$PAGES_CONTAINER.1.1.$SITE_PAGES.$cndx_DESKTOP.1.$i7m51a7c_5.0.0.$child.$0.1.$1.$5.$0.0.q:0.0.0\">\n<div id=\"innercomp_vcbi1xo0imgpreloader\" class=\"s_heNoSkinPhotoimgpreloader\" data-reactid=\".0.$SITE_ROOT.$desktop_siteRoot.$PAGES_CONTAINER.1.1.$SITE_PAGES.$cndx_DESKTOP.1.$i7m51a7c_5.0.0.$child.$0.1.$1.$5.$0.0.q:0.0.0.0\"><strong>05\/03\/2017 \u2022 18:00<\/strong><br \/>\n<strong>JOGO: 9 | GRUPO D<\/strong><br \/>\n<strong>Arena da Floresta &#8211; Rio Branco &#8211; AC<\/strong><br \/>\n<strong>JOGO:<\/strong><span data-reactid=\".0.$SITE_ROOT.$desktop_siteRoot.$PAGES_CONTAINER.1.1.$SITE_PAGES.$cndx_DESKTOP.1.$i7m51a7c_5.0.0.$child.$0.1.$1.$5.$0.0.v.1\"> Atl\u00e9tico\/AC x Remo\/PA<br \/>\n<\/span>3.000 ingressos sustent\u00e1veis.<br \/>\nP\u00fablico total de 3.147.<\/div>\n<\/div>\n<\/div>\n<\/div>\n<p><strong>19\/03\/2017 &#8211; 16:00<br \/>\nJOGO: 19 | GRUPO H<br \/>\nArena Pantanal &#8211; Cuiab\u00e1 &#8211; MT<br \/>\nJOGO:<\/strong><span data-reactid=\".0.$SITE_ROOT.$desktop_siteRoot.$PAGES_CONTAINER.1.1.$SITE_PAGES.$cndx_DESKTOP.1.$i7m51a7c_5.0.0.$child.$0.1.$1.$5.$0.0.12.1\"> Cuiab\u00e1\/MT x Rondoniense\/RO<br \/>\n<\/span>1.783 ingressos sustent\u00e1veis.<br \/>\nP\u00fablico total de 1.854.<\/p>\n<p><strong>19\/03\/2017 \u2022 16:00<\/strong><br \/>\n<strong>JOGO: 18 | GRUPO F<br \/>\nKleber Andrade &#8211; Cariacica &#8211; ES<br \/>\nJOGO:<\/strong><span data-reactid=\".0.$SITE_ROOT.$desktop_siteRoot.$PAGES_CONTAINER.1.1.$SITE_PAGES.$cndx_DESKTOP.1.$i7m51a7c_5.0.0.$child.$0.1.$1.$5.$0.0.1a.1\"> Rio Branco\/ES x Tocantins\/TO<br \/>\n<\/span>1152 ingressos sustent\u00e1veis.<br \/>\nP\u00fablico total de 1.152.<\/p>\n<p><strong>29\/03\/2017 \u2022 20:30<br \/>\nJOGO: 22 | GRUPO L<br \/>\nSerra do Lago &#8211; Luzi\u00e2nia &#8211; GO<br \/>\nJOGO:<\/strong><span data-reactid=\".0.$SITE_ROOT.$desktop_siteRoot.$PAGES_CONTAINER.1.1.$SITE_PAGES.$cndx_DESKTOP.1.$i7m51a7c_5.0.0.$child.$0.1.$1.$5.$0.0.1h.1\"> Luzi\u00e2nia\/DF x Rondoniense\/RO<br \/>\n<\/span>3000 ingressos sustent\u00e1veis.<br \/>\nP\u00fablico total de 3.100.<\/p>\n<p><strong>30\/03\/2017 \u2022 19:00<br \/>\nJOGO: 23 | GRUPO J<\/strong><br \/>\n<strong>Mangueir\u00e3o &#8211; Bel\u00e9m &#8211; PA<br \/>\nJOGO:<\/strong><span data-reactid=\".0.$SITE_ROOT.$desktop_siteRoot.$PAGES_CONTAINER.1.1.$SITE_PAGES.$cndx_DESKTOP.1.$i7m51a7c_5.0.0.$child.$0.1.$1.$5.$0.0.1p.1\"> Remo\/PA x Santos\/AP<br \/>\n<\/span>3000 ingressos sustent\u00e1veis.<br \/>\nP\u00fablico total de 8.406.<\/p>\n<p><strong>31\/03\/2017 &#8211; 19:00<br \/>\nJOGO: 24 | GRUPO I<br \/>\nZinho Oliveira &#8211; Maraba &#8211; PA<br \/>\nJOGO:<\/strong><span data-reactid=\".0.$SITE_ROOT.$desktop_siteRoot.$PAGES_CONTAINER.1.1.$SITE_PAGES.$cndx_DESKTOP.1.$i7m51a7c_5.0.0.$child.$0.1.$1.$5.$0.0.1w.1\"> Paysandu\/PA x \u00c1guia de Marab\u00e1\/PA<br \/>\n<\/span>3000 ingressos sustent\u00e1veis.<br \/>\nP\u00fablico total de 5.242.<\/p>","protected":false},"excerpt":{"rendered":"<p>Triciclo e CBF, um sucesso\u00a0na Copa Verde de 2.017! S\u00e3o Paulo, 08 de junho de 2.017\u00a0&#8211;\u00a0A inovadora parceria realizada entre Triciclo e CBF na Copa Verde do ano passado fez tanto sucesso que ela continuou na edi\u00e7\u00e3o de 2017; e o sucesso foi ainda maior! \u00a0 Como no ano passado, a campanha funcionou da seguinte [&hellip;]<\/p>\n","protected":false},"author":2,"featured_media":1261,"comment_status":"open","ping_status":"closed","sticky":false,"template":"","format":"standard","meta":{"_et_pb_use_builder":"","_et_pb_old_content":"","_et_gb_content_width":"","_jetpack_newsletter_access":"","_jetpack_dont_email_post_to_subs":false,"_jetpack_newsletter_tier_id":0,"_jetpack_memberships_contains_paywalled_content":false,"_jetpack_memberships_contains_paid_content":false,"footnotes":""},"categories":[8],"tags":[],"class_list":["post-1260","post","type-post","status-publish","format-standard","has-post-thumbnail","hentry","category-blog"],"aioseo_notices":[],"aioseo_head":"\n\t\t<!-- All in One SEO 5.0.0.1 - aioseo.com -->\n\t<meta name=\"description\" content=\"Triciclo e CBF, um sucesso na Copa Verde de 2.017! S\u00e3o Paulo, 08 de junho de 2.017 - A inovadora parceria realizada entre Triciclo e CBF na Copa Verde do ano passado fez tanto sucesso que ela continuou na edi\u00e7\u00e3o de 2017; e o sucesso foi ainda maior! Como no ano passado, a campanha funcionou da seguinte\" \/>\n\t<meta name=\"robots\" content=\"max-image-preview:large\" \/>\n\t<meta name=\"author\" content=\"Triciclo\"\/>\n\t<link rel=\"canonical\" href=\"https:\/\/triciclo.eco.br\/es\/triciclo-e-cbf-mais-um-show-de-parceria\/\" \/>\n\t<meta name=\"generator\" content=\"All in One SEO (AIOSEO) 5.0.0.1\" \/>\n\t\t<meta property=\"og:locale\" content=\"es_ES\" \/>\n\t\t<meta property=\"og:site_name\" content=\"Ambipar Triciclo - Solu\u00e7\u00f5es Sustent\u00e1veis\" \/>\n\t\t<meta property=\"og:type\" content=\"article\" \/>\n\t\t<meta property=\"og:title\" content=\"Triciclo e CBF, mais um show de parceria! - Ambipar Triciclo\" \/>\n\t\t<meta property=\"og:description\" content=\"Triciclo e CBF, um sucesso na Copa Verde de 2.017! S\u00e3o Paulo, 08 de junho de 2.017 - A inovadora parceria realizada entre Triciclo e CBF na Copa Verde do ano passado fez tanto sucesso que ela continuou na edi\u00e7\u00e3o de 2017; e o sucesso foi ainda maior! Como no ano passado, a campanha funcionou da seguinte\" \/>\n\t\t<meta property=\"og:url\" content=\"https:\/\/triciclo.eco.br\/es\/triciclo-e-cbf-mais-um-show-de-parceria\/\" \/>\n\t\t<meta property=\"og:image\" content=\"https:\/\/triciclo.eco.br\/wp-content\/uploads\/2023\/08\/triciclo-logo-1.png\" \/>\n\t\t<meta property=\"og:image:secure_url\" content=\"https:\/\/triciclo.eco.br\/wp-content\/uploads\/2023\/08\/triciclo-logo-1.png\" \/>\n\t\t<meta property=\"og:image:width\" content=\"200\" \/>\n\t\t<meta property=\"og:image:height\" content=\"200\" \/>\n\t\t<meta property=\"article:published_time\" content=\"2017-06-08T21:55:37+00:00\" \/>\n\t\t<meta property=\"article:modified_time\" content=\"2017-06-08T21:55:37+00:00\" \/>\n\t\t<meta property=\"article:publisher\" content=\"https:\/\/www.facebook.com\/ambipar.triciclo\" \/>\n\t\t<meta name=\"twitter:card\" content=\"summary_large_image\" \/>\n\t\t<meta name=\"twitter:site\" content=\"@AmbiparTriciclo\" \/>\n\t\t<meta name=\"twitter:title\" content=\"Triciclo e CBF, mais um show de parceria! - Ambipar Triciclo\" \/>\n\t\t<meta name=\"twitter:description\" content=\"Triciclo e CBF, um sucesso na Copa Verde de 2.017! S\u00e3o Paulo, 08 de junho de 2.017 - A inovadora parceria realizada entre Triciclo e CBF na Copa Verde do ano passado fez tanto sucesso que ela continuou na edi\u00e7\u00e3o de 2017; e o sucesso foi ainda maior! Como no ano passado, a campanha funcionou da seguinte\" \/>\n\t\t<meta name=\"twitter:creator\" content=\"@AmbiparTriciclo\" \/>\n\t\t<meta name=\"twitter:image\" content=\"https:\/\/triciclo.eco.br\/wp-content\/uploads\/2023\/08\/Triciclo.jpg\" \/>\n\t\t<script type=\"application\/ld+json\" class=\"aioseo-schema\">\n\t\t\t{\"@context\":\"https:\\\/\\\/schema.org\",\"@graph\":[{\"@type\":\"BlogPosting\",\"@id\":\"https:\\\/\\\/triciclo.eco.br\\\/es\\\/triciclo-e-cbf-mais-um-show-de-parceria\\\/#blogposting\",\"name\":\"Triciclo e CBF, mais um show de parceria! - Ambipar Triciclo\",\"headline\":\"Triciclo e CBF, mais um show de parceria!\",\"author\":{\"@id\":\"https:\\\/\\\/triciclo.eco.br\\\/es\\\/author\\\/triciclo\\\/#author\"},\"publisher\":{\"@id\":\"https:\\\/\\\/triciclo.eco.br\\\/es\\\/#organization\"},\"image\":{\"@type\":\"ImageObject\",\"url\":\"https:\\\/\\\/triciclo.eco.br\\\/wp-content\\\/uploads\\\/2017\\\/06\\\/ministro-usando-1-e1499707250620.jpeg\",\"width\":545,\"height\":545},\"datePublished\":\"2017-06-08T21:55:37-03:00\",\"dateModified\":\"2017-06-08T21:55:37-03:00\",\"inLanguage\":\"es-ES\",\"mainEntityOfPage\":{\"@id\":\"https:\\\/\\\/triciclo.eco.br\\\/es\\\/triciclo-e-cbf-mais-um-show-de-parceria\\\/#webpage\"},\"isPartOf\":{\"@id\":\"https:\\\/\\\/triciclo.eco.br\\\/es\\\/triciclo-e-cbf-mais-um-show-de-parceria\\\/#webpage\"},\"articleSection\":\"Blog\"},{\"@type\":\"BreadcrumbList\",\"@id\":\"https:\\\/\\\/triciclo.eco.br\\\/es\\\/triciclo-e-cbf-mais-um-show-de-parceria\\\/#breadcrumblist\",\"itemListElement\":[{\"@type\":\"ListItem\",\"@id\":\"https:\\\/\\\/triciclo.eco.br\\\/es#listItem\",\"position\":1,\"name\":\"In\\u00edcio\",\"item\":\"https:\\\/\\\/triciclo.eco.br\\\/es\",\"nextItem\":{\"@type\":\"ListItem\",\"@id\":\"https:\\\/\\\/triciclo.eco.br\\\/es\\\/category\\\/blog\\\/#listItem\",\"name\":\"Blog\"}},{\"@type\":\"ListItem\",\"@id\":\"https:\\\/\\\/triciclo.eco.br\\\/es\\\/category\\\/blog\\\/#listItem\",\"position\":2,\"name\":\"Blog\",\"item\":\"https:\\\/\\\/triciclo.eco.br\\\/es\\\/category\\\/blog\\\/\",\"nextItem\":{\"@type\":\"ListItem\",\"@id\":\"https:\\\/\\\/triciclo.eco.br\\\/es\\\/triciclo-e-cbf-mais-um-show-de-parceria\\\/#listItem\",\"name\":\"Triciclo e CBF, mais um show de parceria!\"},\"previousItem\":{\"@type\":\"ListItem\",\"@id\":\"https:\\\/\\\/triciclo.eco.br\\\/es#listItem\",\"name\":\"In\\u00edcio\"}},{\"@type\":\"ListItem\",\"@id\":\"https:\\\/\\\/triciclo.eco.br\\\/es\\\/triciclo-e-cbf-mais-um-show-de-parceria\\\/#listItem\",\"position\":3,\"name\":\"Triciclo e CBF, mais um show de parceria!\",\"previousItem\":{\"@type\":\"ListItem\",\"@id\":\"https:\\\/\\\/triciclo.eco.br\\\/es\\\/category\\\/blog\\\/#listItem\",\"name\":\"Blog\"}}]},{\"@type\":\"Organization\",\"@id\":\"https:\\\/\\\/triciclo.eco.br\\\/es\\\/#organization\",\"name\":\"Ambipar Triciclo Solu\\u00e7\\u00f5es Sustent\\u00e1veis\",\"description\":\"Solu\\u00e7\\u00f5es Sustent\\u00e1veis\",\"url\":\"https:\\\/\\\/triciclo.eco.br\\\/es\\\/\",\"telephone\":\"+551134295050\",\"logo\":{\"@type\":\"ImageObject\",\"url\":\"https:\\\/\\\/triciclo.eco.br\\\/wp-content\\\/uploads\\\/2023\\\/08\\\/Triciclo.jpg\",\"@id\":\"https:\\\/\\\/triciclo.eco.br\\\/es\\\/triciclo-e-cbf-mais-um-show-de-parceria\\\/#organizationLogo\",\"width\":113,\"height\":113},\"image\":{\"@id\":\"https:\\\/\\\/triciclo.eco.br\\\/es\\\/triciclo-e-cbf-mais-um-show-de-parceria\\\/#organizationLogo\"},\"sameAs\":[\"https:\\\/\\\/www.facebook.com\\\/ambipar.triciclo\",\"https:\\\/\\\/twitter.com\\\/AmbiparTriciclo\",\"https:\\\/\\\/www.instagram.com\\\/triciclo_retornamachine\\\/\",\"https:\\\/\\\/www.youtube.com\\\/@TricicloSolucoesSustentaveis\",\"https:\\\/\\\/www.linkedin.com\\\/company\\\/triciclo-solues-sustentveis\\\/\"]},{\"@type\":\"Person\",\"@id\":\"https:\\\/\\\/triciclo.eco.br\\\/es\\\/author\\\/triciclo\\\/#author\",\"url\":\"https:\\\/\\\/triciclo.eco.br\\\/es\\\/author\\\/triciclo\\\/\",\"name\":\"Triciclo\",\"image\":{\"@type\":\"ImageObject\",\"@id\":\"https:\\\/\\\/triciclo.eco.br\\\/es\\\/triciclo-e-cbf-mais-um-show-de-parceria\\\/#authorImage\",\"url\":\"https:\\\/\\\/secure.gravatar.com\\\/avatar\\\/8031027e39acb0f958577a55663464ac1cd1ffb991a23bf69b3ffbe38b0ecfbf?s=96&d=mm&r=g\",\"width\":96,\"height\":96,\"caption\":\"Triciclo\"}},{\"@type\":\"WebPage\",\"@id\":\"https:\\\/\\\/triciclo.eco.br\\\/es\\\/triciclo-e-cbf-mais-um-show-de-parceria\\\/#webpage\",\"url\":\"https:\\\/\\\/triciclo.eco.br\\\/es\\\/triciclo-e-cbf-mais-um-show-de-parceria\\\/\",\"name\":\"Triciclo e CBF, mais um show de parceria! - Ambipar Triciclo\",\"description\":\"Triciclo e CBF, um sucesso na Copa Verde de 2.017! S\\u00e3o Paulo, 08 de junho de 2.017 - A inovadora parceria realizada entre Triciclo e CBF na Copa Verde do ano passado fez tanto sucesso que ela continuou na edi\\u00e7\\u00e3o de 2017; e o sucesso foi ainda maior! Como no ano passado, a campanha funcionou da seguinte\",\"inLanguage\":\"es-ES\",\"isPartOf\":{\"@id\":\"https:\\\/\\\/triciclo.eco.br\\\/es\\\/#website\"},\"breadcrumb\":{\"@id\":\"https:\\\/\\\/triciclo.eco.br\\\/es\\\/triciclo-e-cbf-mais-um-show-de-parceria\\\/#breadcrumblist\"},\"author\":{\"@id\":\"https:\\\/\\\/triciclo.eco.br\\\/es\\\/author\\\/triciclo\\\/#author\"},\"creator\":{\"@id\":\"https:\\\/\\\/triciclo.eco.br\\\/es\\\/author\\\/triciclo\\\/#author\"},\"image\":{\"@type\":\"ImageObject\",\"url\":\"https:\\\/\\\/triciclo.eco.br\\\/wp-content\\\/uploads\\\/2017\\\/06\\\/ministro-usando-1-e1499707250620.jpeg\",\"@id\":\"https:\\\/\\\/triciclo.eco.br\\\/es\\\/triciclo-e-cbf-mais-um-show-de-parceria\\\/#mainImage\",\"width\":545,\"height\":545},\"primaryImageOfPage\":{\"@id\":\"https:\\\/\\\/triciclo.eco.br\\\/es\\\/triciclo-e-cbf-mais-um-show-de-parceria\\\/#mainImage\"},\"datePublished\":\"2017-06-08T21:55:37-03:00\",\"dateModified\":\"2017-06-08T21:55:37-03:00\"},{\"@type\":\"WebSite\",\"@id\":\"https:\\\/\\\/triciclo.eco.br\\\/es\\\/#website\",\"url\":\"https:\\\/\\\/triciclo.eco.br\\\/es\\\/\",\"name\":\"Ambipar Triciclo\",\"alternateName\":\"Triciclo\",\"description\":\"Solu\\u00e7\\u00f5es Sustent\\u00e1veis\",\"inLanguage\":\"es-ES\",\"publisher\":{\"@id\":\"https:\\\/\\\/triciclo.eco.br\\\/es\\\/#organization\"}}]}\n\t\t<\/script>\n\t\t<!-- All in One SEO -->\n\n","aioseo_head_json":{"title":"Triciclo e CBF, mais um show de parceria! - Ambipar Triciclo","description":"Triciclo e CBF, um sucesso na Copa Verde de 2.017! S\u00e3o Paulo, 08 de junho de 2.017 - A inovadora parceria realizada entre Triciclo e CBF na Copa Verde do ano passado fez tanto sucesso que ela continuou na edi\u00e7\u00e3o de 2017; e o sucesso foi ainda maior! Como no ano passado, a campanha funcionou da seguinte","canonical_url":"https:\/\/triciclo.eco.br\/es\/triciclo-e-cbf-mais-um-show-de-parceria\/","robots":"max-image-preview:large","keywords":"","webmasterTools":{"miscellaneous":""},"schema":{"@context":"https:\/\/schema.org","@graph":[{"@type":"BlogPosting","@id":"https:\/\/triciclo.eco.br\/es\/triciclo-e-cbf-mais-um-show-de-parceria\/#blogposting","name":"Triciclo e CBF, mais um show de parceria! - Ambipar Triciclo","headline":"Triciclo e CBF, mais um show de parceria!","author":{"@id":"https:\/\/triciclo.eco.br\/es\/author\/triciclo\/#author"},"publisher":{"@id":"https:\/\/triciclo.eco.br\/es\/#organization"},"image":{"@type":"ImageObject","url":"https:\/\/triciclo.eco.br\/wp-content\/uploads\/2017\/06\/ministro-usando-1-e1499707250620.jpeg","width":545,"height":545},"datePublished":"2017-06-08T21:55:37-03:00","dateModified":"2017-06-08T21:55:37-03:00","inLanguage":"es-ES","mainEntityOfPage":{"@id":"https:\/\/triciclo.eco.br\/es\/triciclo-e-cbf-mais-um-show-de-parceria\/#webpage"},"isPartOf":{"@id":"https:\/\/triciclo.eco.br\/es\/triciclo-e-cbf-mais-um-show-de-parceria\/#webpage"},"articleSection":"Blog"},{"@type":"BreadcrumbList","@id":"https:\/\/triciclo.eco.br\/es\/triciclo-e-cbf-mais-um-show-de-parceria\/#breadcrumblist","itemListElement":[{"@type":"ListItem","@id":"https:\/\/triciclo.eco.br\/es#listItem","position":1,"name":"In\u00edcio","item":"https:\/\/triciclo.eco.br\/es","nextItem":{"@type":"ListItem","@id":"https:\/\/triciclo.eco.br\/es\/category\/blog\/#listItem","name":"Blog"}},{"@type":"ListItem","@id":"https:\/\/triciclo.eco.br\/es\/category\/blog\/#listItem","position":2,"name":"Blog","item":"https:\/\/triciclo.eco.br\/es\/category\/blog\/","nextItem":{"@type":"ListItem","@id":"https:\/\/triciclo.eco.br\/es\/triciclo-e-cbf-mais-um-show-de-parceria\/#listItem","name":"Triciclo e CBF, mais um show de parceria!"},"previousItem":{"@type":"ListItem","@id":"https:\/\/triciclo.eco.br\/es#listItem","name":"In\u00edcio"}},{"@type":"ListItem","@id":"https:\/\/triciclo.eco.br\/es\/triciclo-e-cbf-mais-um-show-de-parceria\/#listItem","position":3,"name":"Triciclo e CBF, mais um show de parceria!","previousItem":{"@type":"ListItem","@id":"https:\/\/triciclo.eco.br\/es\/category\/blog\/#listItem","name":"Blog"}}]},{"@type":"Organization","@id":"https:\/\/triciclo.eco.br\/es\/#organization","name":"Ambipar Triciclo Solu\u00e7\u00f5es Sustent\u00e1veis","description":"Solu\u00e7\u00f5es Sustent\u00e1veis","url":"https:\/\/triciclo.eco.br\/es\/","telephone":"+551134295050","logo":{"@type":"ImageObject","url":"https:\/\/triciclo.eco.br\/wp-content\/uploads\/2023\/08\/Triciclo.jpg","@id":"https:\/\/triciclo.eco.br\/es\/triciclo-e-cbf-mais-um-show-de-parceria\/#organizationLogo","width":113,"height":113},"image":{"@id":"https:\/\/triciclo.eco.br\/es\/triciclo-e-cbf-mais-um-show-de-parceria\/#organizationLogo"},"sameAs":["https:\/\/www.facebook.com\/ambipar.triciclo","https:\/\/twitter.com\/AmbiparTriciclo","https:\/\/www.instagram.com\/triciclo_retornamachine\/","https:\/\/www.youtube.com\/@TricicloSolucoesSustentaveis","https:\/\/www.linkedin.com\/company\/triciclo-solues-sustentveis\/"]},{"@type":"Person","@id":"https:\/\/triciclo.eco.br\/es\/author\/triciclo\/#author","url":"https:\/\/triciclo.eco.br\/es\/author\/triciclo\/","name":"Triciclo","image":{"@type":"ImageObject","@id":"https:\/\/triciclo.eco.br\/es\/triciclo-e-cbf-mais-um-show-de-parceria\/#authorImage","url":"https:\/\/secure.gravatar.com\/avatar\/8031027e39acb0f958577a55663464ac1cd1ffb991a23bf69b3ffbe38b0ecfbf?s=96&d=mm&r=g","width":96,"height":96,"caption":"Triciclo"}},{"@type":"WebPage","@id":"https:\/\/triciclo.eco.br\/es\/triciclo-e-cbf-mais-um-show-de-parceria\/#webpage","url":"https:\/\/triciclo.eco.br\/es\/triciclo-e-cbf-mais-um-show-de-parceria\/","name":"Triciclo e CBF, mais um show de parceria! - Ambipar Triciclo","description":"Triciclo e CBF, um sucesso na Copa Verde de 2.017! S\u00e3o Paulo, 08 de junho de 2.017 - A inovadora parceria realizada entre Triciclo e CBF na Copa Verde do ano passado fez tanto sucesso que ela continuou na edi\u00e7\u00e3o de 2017; e o sucesso foi ainda maior! Como no ano passado, a campanha funcionou da seguinte","inLanguage":"es-ES","isPartOf":{"@id":"https:\/\/triciclo.eco.br\/es\/#website"},"breadcrumb":{"@id":"https:\/\/triciclo.eco.br\/es\/triciclo-e-cbf-mais-um-show-de-parceria\/#breadcrumblist"},"author":{"@id":"https:\/\/triciclo.eco.br\/es\/author\/triciclo\/#author"},"creator":{"@id":"https:\/\/triciclo.eco.br\/es\/author\/triciclo\/#author"},"image":{"@type":"ImageObject","url":"https:\/\/triciclo.eco.br\/wp-content\/uploads\/2017\/06\/ministro-usando-1-e1499707250620.jpeg","@id":"https:\/\/triciclo.eco.br\/es\/triciclo-e-cbf-mais-um-show-de-parceria\/#mainImage","width":545,"height":545},"primaryImageOfPage":{"@id":"https:\/\/triciclo.eco.br\/es\/triciclo-e-cbf-mais-um-show-de-parceria\/#mainImage"},"datePublished":"2017-06-08T21:55:37-03:00","dateModified":"2017-06-08T21:55:37-03:00"},{"@type":"WebSite","@id":"https:\/\/triciclo.eco.br\/es\/#website","url":"https:\/\/triciclo.eco.br\/es\/","name":"Ambipar Triciclo","alternateName":"Triciclo","description":"Solu\u00e7\u00f5es Sustent\u00e1veis","inLanguage":"es-ES","publisher":{"@id":"https:\/\/triciclo.eco.br\/es\/#organization"}}]},"og:locale":"es_ES","og:site_name":"Ambipar Triciclo - Solu\u00e7\u00f5es Sustent\u00e1veis","og:type":"article","og:title":"Triciclo e CBF, mais um show de parceria! - Ambipar Triciclo","og:description":"Triciclo e CBF, um sucesso na Copa Verde de 2.017! S\u00e3o Paulo, 08 de junho de 2.017 - A inovadora parceria realizada entre Triciclo e CBF na Copa Verde do ano passado fez tanto sucesso que ela continuou na edi\u00e7\u00e3o de 2017; e o sucesso foi ainda maior! Como no ano passado, a campanha funcionou da seguinte","og:url":"https:\/\/triciclo.eco.br\/es\/triciclo-e-cbf-mais-um-show-de-parceria\/","og:image":"https:\/\/triciclo.eco.br\/wp-content\/uploads\/2023\/08\/triciclo-logo-1.png","og:image:secure_url":"https:\/\/triciclo.eco.br\/wp-content\/uploads\/2023\/08\/triciclo-logo-1.png","og:image:width":200,"og:image:height":200,"article:published_time":"2017-06-08T21:55:37+00:00","article:modified_time":"2017-06-08T21:55:37+00:00","article:publisher":"https:\/\/www.facebook.com\/ambipar.triciclo","twitter:card":"summary_large_image","twitter:site":"@AmbiparTriciclo","twitter:title":"Triciclo e CBF, mais um show de parceria! - Ambipar Triciclo","twitter:description":"Triciclo e CBF, um sucesso na Copa Verde de 2.017! S\u00e3o Paulo, 08 de junho de 2.017 - A inovadora parceria realizada entre Triciclo e CBF na Copa Verde do ano passado fez tanto sucesso que ela continuou na edi\u00e7\u00e3o de 2017; e o sucesso foi ainda maior! Como no ano passado, a campanha funcionou da seguinte","twitter:creator":"@AmbiparTriciclo","twitter:image":"https:\/\/triciclo.eco.br\/wp-content\/uploads\/2023\/08\/Triciclo.jpg"},"aioseo_meta_data":{"post_id":"1260","title":null,"description":null,"keywords":null,"keyphrases":null,"primary_term":null,"canonical_url":null,"og_title":null,"og_description":null,"og_object_type":"default","og_image_type":"default","og_image_url":null,"og_image_width":null,"og_image_height":null,"og_image_custom_url":null,"og_image_custom_fields":null,"og_video":null,"og_custom_url":null,"og_article_section":null,"og_article_tags":null,"twitter_use_og":false,"twitter_card":"default","twitter_image_type":"default","twitter_image_url":null,"twitter_image_custom_url":null,"twitter_image_custom_fields":null,"twitter_title":null,"twitter_description":null,"schema":{"blockGraphs":[],"customGraphs":[],"default":{"data":{"Article":[],"Course":[],"Dataset":[],"FAQPage":[],"Movie":[],"Person":[],"Product":[],"ProductReview":[],"Car":[],"Recipe":[],"Service":[],"SoftwareApplication":[],"WebPage":[]},"graphName":"","isEnabled":true},"graphs":[]},"schema_type":"default","schema_type_options":null,"pillar_content":false,"robots_default":true,"robots_noindex":false,"robots_noarchive":false,"robots_nosnippet":false,"robots_nofollow":false,"robots_noimageindex":false,"robots_noodp":false,"robots_notranslate":false,"robots_max_snippet":null,"robots_max_videopreview":null,"robots_max_imagepreview":"large","priority":null,"frequency":null,"local_seo":null,"breadcrumb_settings":null,"limit_modified_date":false,"ai":null,"created":"2023-08-29 17:48:38","updated":"2025-08-01 15:50:29","focus_keyword":null,"additional_keywords":null,"truseo_locale":null,"seo_analyzer_scan_date":null},"aioseo_breadcrumb":"<div class=\"aioseo-breadcrumbs\"><span class=\"aioseo-breadcrumb\">\n\t\t\t<a href=\"https:\/\/triciclo.eco.br\/es\" title=\"In\u00edcio\">In\u00edcio<\/a>\n\t\t<\/span><span class=\"aioseo-breadcrumb-separator\">&raquo;<\/span><span class=\"aioseo-breadcrumb\">\n\t\t\t<a href=\"https:\/\/triciclo.eco.br\/es\/category\/blog\/\" title=\"Blog\">Blog<\/a>\n\t\t<\/span><span class=\"aioseo-breadcrumb-separator\">&raquo;<\/span><span class=\"aioseo-breadcrumb\">\n\t\t\tTriciclo e CBF, mais um show de parceria!\n\t\t<\/span><\/div>","aioseo_breadcrumb_json":[{"label":"In\u00edcio","link":"https:\/\/triciclo.eco.br\/es"},{"label":"Blog","link":"https:\/\/triciclo.eco.br\/es\/category\/blog\/"},{"label":"Triciclo e CBF, mais um show de parceria!","link":"https:\/\/triciclo.eco.br\/es\/triciclo-e-cbf-mais-um-show-de-parceria\/"}],"jetpack_sharing_enabled":true,"jetpack_featured_media_url":"https:\/\/triciclo.eco.br\/wp-content\/uploads\/2017\/06\/ministro-usando-1-e1499707250620.jpeg","_links":{"self":[{"href":"https:\/\/triciclo.eco.br\/es\/wp-json\/wp\/v2\/posts\/1260","targetHints":{"allow":["GET"]}}],"collection":[{"href":"https:\/\/triciclo.eco.br\/es\/wp-json\/wp\/v2\/posts"}],"about":[{"href":"https:\/\/triciclo.eco.br\/es\/wp-json\/wp\/v2\/types\/post"}],"author":[{"embeddable":true,"href":"https:\/\/triciclo.eco.br\/es\/wp-json\/wp\/v2\/users\/2"}],"replies":[{"embeddable":true,"href":"https:\/\/triciclo.eco.br\/es\/wp-json\/wp\/v2\/comments?post=1260"}],"version-history":[{"count":0,"href":"https:\/\/triciclo.eco.br\/es\/wp-json\/wp\/v2\/posts\/1260\/revisions"}],"wp:featuredmedia":[{"embeddable":true,"href":"https:\/\/triciclo.eco.br\/es\/wp-json\/wp\/v2\/media\/1261"}],"wp:attachment":[{"href":"https:\/\/triciclo.eco.br\/es\/wp-json\/wp\/v2\/media?parent=1260"}],"wp:term":[{"taxonomy":"category","embeddable":true,"href":"https:\/\/triciclo.eco.br\/es\/wp-json\/wp\/v2\/categories?post=1260"},{"taxonomy":"post_tag","embeddable":true,"href":"https:\/\/triciclo.eco.br\/es\/wp-json\/wp\/v2\/tags?post=1260"}],"curies":[{"name":"wp","href":"https:\/\/api.w.org\/{rel}","templated":true}]}}