{"id":583,"date":"2016-08-29T18:50:43","date_gmt":"2016-08-29T18:50:43","guid":{"rendered":"https:\/\/triciclo.eco.br\/?p=583"},"modified":"2016-08-29T18:50:43","modified_gmt":"2016-08-29T18:50:43","slug":"triciclo-na-innovapack","status":"publish","type":"post","link":"https:\/\/triciclo.eco.br\/es\/triciclo-na-innovapack\/","title":{"rendered":"Triciclo na Innovapack"},"content":{"rendered":"<h1 class=\"font_5\"><strong><em>Triciclo participa da primeira edi\u00e7\u00e3o da Innovapack<\/em><\/strong><\/h1>\n<p class=\"font_9\" data-reactid=\".0.$SITE_ROOT.$desktop_siteRoot.$PAGES_CONTAINER.1.1.$SITE_PAGES.$cndx.1.$i7m51a7c_5.0.0.$child.$0.1.$1.$5.$0.0.0\">A empresa apresentou aos visitantes da feira seu primeiro projeto, a Retorna Machine<\/p>\n<p class=\"font_9\" data-reactid=\".0.$SITE_ROOT.$desktop_siteRoot.$PAGES_CONTAINER.1.1.$SITE_PAGES.$cndx.1.$i7m51a7c_5.0.0.$child.$0.1.$1.$5.$0.0.1\"><span data-reactid=\".0.$SITE_ROOT.$desktop_siteRoot.$PAGES_CONTAINER.1.1.$SITE_PAGES.$cndx.1.$i7m51a7c_5.0.0.$child.$0.1.$1.$5.$0.0.3.0\"><strong>S\u00e3o Paulo, 29 de agosto de 2016<\/strong> \u2013\u00a0<\/span><span data-reactid=\".0.$SITE_ROOT.$desktop_siteRoot.$PAGES_CONTAINER.1.1.$SITE_PAGES.$cndx.1.$i7m51a7c_5.0.0.$child.$0.1.$1.$5.$0.0.3.1\">A Triciclo\u00a0participou da primeira edi\u00e7\u00e3o da Innovapack, \u00fanico evento da Am\u00e9rica Latina focado em design, tend\u00eancias e inova\u00e7\u00e3o para a embalagem final da ind\u00fastria aliment\u00edcia. A feira foi realizada do dia 23 a 25 de agosto, no Transam\u00e9rica Expo Center, em S\u00e3o Paulo. \u00a0<\/span><\/p>\n<p class=\"font_8\" data-reactid=\".0.$SITE_ROOT.$desktop_siteRoot.$PAGES_CONTAINER.1.1.$SITE_PAGES.$cndx.1.$i7m51a7c_5.0.0.$child.$0.1.$1.$5.$0.0.5\"><span data-reactid=\".0.$SITE_ROOT.$desktop_siteRoot.$PAGES_CONTAINER.1.1.$SITE_PAGES.$cndx.1.$i7m51a7c_5.0.0.$child.$0.1.$1.$5.$0.0.5.1\">\u00a0 \u00a0Durante o encontro, os visitantes tiveram a oportunidade de conhecer de perto o primeiro projeto da Triciclo, a Retorna Machine, gerenciador de res\u00edduos s\u00f3lidos que transforma embalagens vazias em benef\u00edcios para o cidad\u00e3o. No decorrer do evento, promotoras Triciclo estiveram no Espa\u00e7o Inova\u00e7\u00e3o para auxiliar os participantes a usarem as m\u00e1quinas.<\/span><br data-reactid=\".0.$SITE_ROOT.$desktop_siteRoot.$PAGES_CONTAINER.1.1.$SITE_PAGES.$cndx.1.$i7m51a7c_5.0.0.$child.$0.1.$1.$5.$0.0.5.2\" \/><br data-reactid=\".0.$SITE_ROOT.$desktop_siteRoot.$PAGES_CONTAINER.1.1.$SITE_PAGES.$cndx.1.$i7m51a7c_5.0.0.$child.$0.1.$1.$5.$0.0.5.3\" \/><span data-reactid=\".0.$SITE_ROOT.$desktop_siteRoot.$PAGES_CONTAINER.1.1.$SITE_PAGES.$cndx.1.$i7m51a7c_5.0.0.$child.$0.1.$1.$5.$0.0.5.4\">\u00a0 \u00a0\u201cA feira Innovapack foi uma excelente oportunidade de apresentar a Triciclo e a Retorna Machine para os visitantes\u201d, afirmou Maur\u00edcio Zarzur, um dos s\u00f3cios da Triciclo. \u201cAproveitamos os dias do evento para entrar em contato com profissionais e executivos e mostrar a eles uma nova e inovadora op\u00e7\u00e3o para embalagem final\u201d, concluiu Zarzur.<\/span><br data-reactid=\".0.$SITE_ROOT.$desktop_siteRoot.$PAGES_CONTAINER.1.1.$SITE_PAGES.$cndx.1.$i7m51a7c_5.0.0.$child.$0.1.$1.$5.$0.0.5.5\" \/><br data-reactid=\".0.$SITE_ROOT.$desktop_siteRoot.$PAGES_CONTAINER.1.1.$SITE_PAGES.$cndx.1.$i7m51a7c_5.0.0.$child.$0.1.$1.$5.$0.0.5.6\" \/><span data-reactid=\".0.$SITE_ROOT.$desktop_siteRoot.$PAGES_CONTAINER.1.1.$SITE_PAGES.$cndx.1.$i7m51a7c_5.0.0.$child.$0.1.$1.$5.$0.0.5.7\">\u00a0 \u00a0 \u00a0A Innovapack \u00e9 realizada em paralelo \u00e0 Food Ingredients South America (FISA), o \u00fanico ponto de encontro focado em ingredientes aliment\u00edcios da Am\u00e9rica Latina. O objetivo da feira \u00e9 reunir a ind\u00fastria aliment\u00edcia com fabricantes, fornecedores e distribuidores de solu\u00e7\u00f5es para a embalagem final de bens de consumo no intuito de melhorar a comunica\u00e7\u00e3o dos ativos do produto.<\/span><\/p>","protected":false},"excerpt":{"rendered":"<p>Triciclo participa da primeira edi\u00e7\u00e3o da Innovapack A empresa apresentou aos visitantes da feira seu primeiro projeto, a Retorna Machine S\u00e3o Paulo, 29 de agosto de 2016 \u2013\u00a0A Triciclo\u00a0participou da primeira edi\u00e7\u00e3o da Innovapack, \u00fanico evento da Am\u00e9rica Latina focado em design, tend\u00eancias e inova\u00e7\u00e3o para a embalagem final da ind\u00fastria aliment\u00edcia. A feira foi [&hellip;]<\/p>\n","protected":false},"author":2,"featured_media":584,"comment_status":"open","ping_status":"closed","sticky":false,"template":"","format":"standard","meta":{"_et_pb_use_builder":"","_et_pb_old_content":"","_et_gb_content_width":"","_jetpack_newsletter_access":"","_jetpack_dont_email_post_to_subs":false,"_jetpack_newsletter_tier_id":0,"_jetpack_memberships_contains_paywalled_content":false,"_jetpack_memberships_contains_paid_content":false,"footnotes":""},"categories":[8],"tags":[],"class_list":["post-583","post","type-post","status-publish","format-standard","has-post-thumbnail","hentry","category-blog"],"aioseo_notices":[],"aioseo_head":"\n\t\t<!-- All in One SEO 5.0.0.1 - aioseo.com -->\n\t<meta name=\"description\" content=\"Triciclo participa da primeira edi\u00e7\u00e3o da Innovapack A empresa apresentou aos visitantes da feira seu primeiro projeto, a Retorna Machine S\u00e3o Paulo, 29 de agosto de 2016 \u2013 A Triciclo participou da primeira edi\u00e7\u00e3o da Innovapack, \u00fanico evento da Am\u00e9rica Latina focado em design, tend\u00eancias e inova\u00e7\u00e3o para a embalagem final da ind\u00fastria aliment\u00edcia. A feira foi\" \/>\n\t<meta name=\"robots\" content=\"max-image-preview:large\" \/>\n\t<meta name=\"author\" content=\"Triciclo\"\/>\n\t<link rel=\"canonical\" href=\"https:\/\/triciclo.eco.br\/es\/triciclo-na-innovapack\/\" \/>\n\t<meta name=\"generator\" content=\"All in One SEO (AIOSEO) 5.0.0.1\" \/>\n\t\t<meta property=\"og:locale\" content=\"es_ES\" \/>\n\t\t<meta property=\"og:site_name\" content=\"Ambipar Triciclo - Solu\u00e7\u00f5es Sustent\u00e1veis\" \/>\n\t\t<meta property=\"og:type\" content=\"article\" \/>\n\t\t<meta property=\"og:title\" content=\"Triciclo na Innovapack - Ambipar Triciclo\" \/>\n\t\t<meta property=\"og:description\" content=\"Triciclo participa da primeira edi\u00e7\u00e3o da Innovapack A empresa apresentou aos visitantes da feira seu primeiro projeto, a Retorna Machine S\u00e3o Paulo, 29 de agosto de 2016 \u2013 A Triciclo participou da primeira edi\u00e7\u00e3o da Innovapack, \u00fanico evento da Am\u00e9rica Latina focado em design, tend\u00eancias e inova\u00e7\u00e3o para a embalagem final da ind\u00fastria aliment\u00edcia. A feira foi\" \/>\n\t\t<meta property=\"og:url\" content=\"https:\/\/triciclo.eco.br\/es\/triciclo-na-innovapack\/\" \/>\n\t\t<meta property=\"og:image\" content=\"https:\/\/triciclo.eco.br\/wp-content\/uploads\/2023\/08\/triciclo-logo-1.png\" \/>\n\t\t<meta property=\"og:image:secure_url\" content=\"https:\/\/triciclo.eco.br\/wp-content\/uploads\/2023\/08\/triciclo-logo-1.png\" \/>\n\t\t<meta property=\"og:image:width\" content=\"200\" \/>\n\t\t<meta property=\"og:image:height\" content=\"200\" \/>\n\t\t<meta property=\"article:published_time\" content=\"2016-08-29T18:50:43+00:00\" \/>\n\t\t<meta property=\"article:modified_time\" content=\"2016-08-29T18:50:43+00:00\" \/>\n\t\t<meta property=\"article:publisher\" content=\"https:\/\/www.facebook.com\/ambipar.triciclo\" \/>\n\t\t<meta name=\"twitter:card\" content=\"summary_large_image\" \/>\n\t\t<meta name=\"twitter:site\" content=\"@AmbiparTriciclo\" \/>\n\t\t<meta name=\"twitter:title\" content=\"Triciclo na Innovapack - Ambipar Triciclo\" \/>\n\t\t<meta name=\"twitter:description\" content=\"Triciclo participa da primeira edi\u00e7\u00e3o da Innovapack A empresa apresentou aos visitantes da feira seu primeiro projeto, a Retorna Machine S\u00e3o Paulo, 29 de agosto de 2016 \u2013 A Triciclo participou da primeira edi\u00e7\u00e3o da Innovapack, \u00fanico evento da Am\u00e9rica Latina focado em design, tend\u00eancias e inova\u00e7\u00e3o para a embalagem final da ind\u00fastria aliment\u00edcia. A feira foi\" \/>\n\t\t<meta name=\"twitter:creator\" content=\"@AmbiparTriciclo\" \/>\n\t\t<meta name=\"twitter:image\" content=\"https:\/\/triciclo.eco.br\/wp-content\/uploads\/2023\/08\/Triciclo.jpg\" \/>\n\t\t<script type=\"application\/ld+json\" class=\"aioseo-schema\">\n\t\t\t{\"@context\":\"https:\\\/\\\/schema.org\",\"@graph\":[{\"@type\":\"BlogPosting\",\"@id\":\"https:\\\/\\\/triciclo.eco.br\\\/es\\\/triciclo-na-innovapack\\\/#blogposting\",\"name\":\"Triciclo na Innovapack - Ambipar Triciclo\",\"headline\":\"Triciclo na Innovapack\",\"author\":{\"@id\":\"https:\\\/\\\/triciclo.eco.br\\\/es\\\/author\\\/triciclo\\\/#author\"},\"publisher\":{\"@id\":\"https:\\\/\\\/triciclo.eco.br\\\/es\\\/#organization\"},\"image\":{\"@type\":\"ImageObject\",\"url\":\"https:\\\/\\\/triciclo.eco.br\\\/wp-content\\\/uploads\\\/2017\\\/05\\\/IMG_6641-e1499714463621.jpg\",\"width\":2448,\"height\":2448},\"datePublished\":\"2016-08-29T18:50:43-03:00\",\"dateModified\":\"2016-08-29T18:50:43-03:00\",\"inLanguage\":\"es-ES\",\"mainEntityOfPage\":{\"@id\":\"https:\\\/\\\/triciclo.eco.br\\\/es\\\/triciclo-na-innovapack\\\/#webpage\"},\"isPartOf\":{\"@id\":\"https:\\\/\\\/triciclo.eco.br\\\/es\\\/triciclo-na-innovapack\\\/#webpage\"},\"articleSection\":\"Blog\"},{\"@type\":\"BreadcrumbList\",\"@id\":\"https:\\\/\\\/triciclo.eco.br\\\/es\\\/triciclo-na-innovapack\\\/#breadcrumblist\",\"itemListElement\":[{\"@type\":\"ListItem\",\"@id\":\"https:\\\/\\\/triciclo.eco.br\\\/es#listItem\",\"position\":1,\"name\":\"In\\u00edcio\",\"item\":\"https:\\\/\\\/triciclo.eco.br\\\/es\",\"nextItem\":{\"@type\":\"ListItem\",\"@id\":\"https:\\\/\\\/triciclo.eco.br\\\/es\\\/category\\\/blog\\\/#listItem\",\"name\":\"Blog\"}},{\"@type\":\"ListItem\",\"@id\":\"https:\\\/\\\/triciclo.eco.br\\\/es\\\/category\\\/blog\\\/#listItem\",\"position\":2,\"name\":\"Blog\",\"item\":\"https:\\\/\\\/triciclo.eco.br\\\/es\\\/category\\\/blog\\\/\",\"nextItem\":{\"@type\":\"ListItem\",\"@id\":\"https:\\\/\\\/triciclo.eco.br\\\/es\\\/triciclo-na-innovapack\\\/#listItem\",\"name\":\"Triciclo na Innovapack\"},\"previousItem\":{\"@type\":\"ListItem\",\"@id\":\"https:\\\/\\\/triciclo.eco.br\\\/es#listItem\",\"name\":\"In\\u00edcio\"}},{\"@type\":\"ListItem\",\"@id\":\"https:\\\/\\\/triciclo.eco.br\\\/es\\\/triciclo-na-innovapack\\\/#listItem\",\"position\":3,\"name\":\"Triciclo na Innovapack\",\"previousItem\":{\"@type\":\"ListItem\",\"@id\":\"https:\\\/\\\/triciclo.eco.br\\\/es\\\/category\\\/blog\\\/#listItem\",\"name\":\"Blog\"}}]},{\"@type\":\"Organization\",\"@id\":\"https:\\\/\\\/triciclo.eco.br\\\/es\\\/#organization\",\"name\":\"Ambipar Triciclo Solu\\u00e7\\u00f5es Sustent\\u00e1veis\",\"description\":\"Solu\\u00e7\\u00f5es Sustent\\u00e1veis\",\"url\":\"https:\\\/\\\/triciclo.eco.br\\\/es\\\/\",\"telephone\":\"+551134295050\",\"logo\":{\"@type\":\"ImageObject\",\"url\":\"https:\\\/\\\/triciclo.eco.br\\\/wp-content\\\/uploads\\\/2023\\\/08\\\/Triciclo.jpg\",\"@id\":\"https:\\\/\\\/triciclo.eco.br\\\/es\\\/triciclo-na-innovapack\\\/#organizationLogo\",\"width\":113,\"height\":113},\"image\":{\"@id\":\"https:\\\/\\\/triciclo.eco.br\\\/es\\\/triciclo-na-innovapack\\\/#organizationLogo\"},\"sameAs\":[\"https:\\\/\\\/www.facebook.com\\\/ambipar.triciclo\",\"https:\\\/\\\/twitter.com\\\/AmbiparTriciclo\",\"https:\\\/\\\/www.instagram.com\\\/triciclo_retornamachine\\\/\",\"https:\\\/\\\/www.youtube.com\\\/@TricicloSolucoesSustentaveis\",\"https:\\\/\\\/www.linkedin.com\\\/company\\\/triciclo-solues-sustentveis\\\/\"]},{\"@type\":\"Person\",\"@id\":\"https:\\\/\\\/triciclo.eco.br\\\/es\\\/author\\\/triciclo\\\/#author\",\"url\":\"https:\\\/\\\/triciclo.eco.br\\\/es\\\/author\\\/triciclo\\\/\",\"name\":\"Triciclo\",\"image\":{\"@type\":\"ImageObject\",\"@id\":\"https:\\\/\\\/triciclo.eco.br\\\/es\\\/triciclo-na-innovapack\\\/#authorImage\",\"url\":\"https:\\\/\\\/secure.gravatar.com\\\/avatar\\\/8031027e39acb0f958577a55663464ac1cd1ffb991a23bf69b3ffbe38b0ecfbf?s=96&d=mm&r=g\",\"width\":96,\"height\":96,\"caption\":\"Triciclo\"}},{\"@type\":\"WebPage\",\"@id\":\"https:\\\/\\\/triciclo.eco.br\\\/es\\\/triciclo-na-innovapack\\\/#webpage\",\"url\":\"https:\\\/\\\/triciclo.eco.br\\\/es\\\/triciclo-na-innovapack\\\/\",\"name\":\"Triciclo na Innovapack - Ambipar Triciclo\",\"description\":\"Triciclo participa da primeira edi\\u00e7\\u00e3o da Innovapack A empresa apresentou aos visitantes da feira seu primeiro projeto, a Retorna Machine S\\u00e3o Paulo, 29 de agosto de 2016 \\u2013 A Triciclo participou da primeira edi\\u00e7\\u00e3o da Innovapack, \\u00fanico evento da Am\\u00e9rica Latina focado em design, tend\\u00eancias e inova\\u00e7\\u00e3o para a embalagem final da ind\\u00fastria aliment\\u00edcia. A feira foi\",\"inLanguage\":\"es-ES\",\"isPartOf\":{\"@id\":\"https:\\\/\\\/triciclo.eco.br\\\/es\\\/#website\"},\"breadcrumb\":{\"@id\":\"https:\\\/\\\/triciclo.eco.br\\\/es\\\/triciclo-na-innovapack\\\/#breadcrumblist\"},\"author\":{\"@id\":\"https:\\\/\\\/triciclo.eco.br\\\/es\\\/author\\\/triciclo\\\/#author\"},\"creator\":{\"@id\":\"https:\\\/\\\/triciclo.eco.br\\\/es\\\/author\\\/triciclo\\\/#author\"},\"image\":{\"@type\":\"ImageObject\",\"url\":\"https:\\\/\\\/triciclo.eco.br\\\/wp-content\\\/uploads\\\/2017\\\/05\\\/IMG_6641-e1499714463621.jpg\",\"@id\":\"https:\\\/\\\/triciclo.eco.br\\\/es\\\/triciclo-na-innovapack\\\/#mainImage\",\"width\":2448,\"height\":2448},\"primaryImageOfPage\":{\"@id\":\"https:\\\/\\\/triciclo.eco.br\\\/es\\\/triciclo-na-innovapack\\\/#mainImage\"},\"datePublished\":\"2016-08-29T18:50:43-03:00\",\"dateModified\":\"2016-08-29T18:50:43-03:00\"},{\"@type\":\"WebSite\",\"@id\":\"https:\\\/\\\/triciclo.eco.br\\\/es\\\/#website\",\"url\":\"https:\\\/\\\/triciclo.eco.br\\\/es\\\/\",\"name\":\"Ambipar Triciclo\",\"alternateName\":\"Triciclo\",\"description\":\"Solu\\u00e7\\u00f5es Sustent\\u00e1veis\",\"inLanguage\":\"es-ES\",\"publisher\":{\"@id\":\"https:\\\/\\\/triciclo.eco.br\\\/es\\\/#organization\"}}]}\n\t\t<\/script>\n\t\t<!-- All in One SEO -->\n\n","aioseo_head_json":{"title":"Triciclo na Innovapack - Ambipar Triciclo","description":"Triciclo participa da primeira edi\u00e7\u00e3o da Innovapack A empresa apresentou aos visitantes da feira seu primeiro projeto, a Retorna Machine S\u00e3o Paulo, 29 de agosto de 2016 \u2013 A Triciclo participou da primeira edi\u00e7\u00e3o da Innovapack, \u00fanico evento da Am\u00e9rica Latina focado em design, tend\u00eancias e inova\u00e7\u00e3o para a embalagem final da ind\u00fastria aliment\u00edcia. A feira foi","canonical_url":"https:\/\/triciclo.eco.br\/es\/triciclo-na-innovapack\/","robots":"max-image-preview:large","keywords":"","webmasterTools":{"miscellaneous":""},"schema":{"@context":"https:\/\/schema.org","@graph":[{"@type":"BlogPosting","@id":"https:\/\/triciclo.eco.br\/es\/triciclo-na-innovapack\/#blogposting","name":"Triciclo na Innovapack - Ambipar Triciclo","headline":"Triciclo na Innovapack","author":{"@id":"https:\/\/triciclo.eco.br\/es\/author\/triciclo\/#author"},"publisher":{"@id":"https:\/\/triciclo.eco.br\/es\/#organization"},"image":{"@type":"ImageObject","url":"https:\/\/triciclo.eco.br\/wp-content\/uploads\/2017\/05\/IMG_6641-e1499714463621.jpg","width":2448,"height":2448},"datePublished":"2016-08-29T18:50:43-03:00","dateModified":"2016-08-29T18:50:43-03:00","inLanguage":"es-ES","mainEntityOfPage":{"@id":"https:\/\/triciclo.eco.br\/es\/triciclo-na-innovapack\/#webpage"},"isPartOf":{"@id":"https:\/\/triciclo.eco.br\/es\/triciclo-na-innovapack\/#webpage"},"articleSection":"Blog"},{"@type":"BreadcrumbList","@id":"https:\/\/triciclo.eco.br\/es\/triciclo-na-innovapack\/#breadcrumblist","itemListElement":[{"@type":"ListItem","@id":"https:\/\/triciclo.eco.br\/es#listItem","position":1,"name":"In\u00edcio","item":"https:\/\/triciclo.eco.br\/es","nextItem":{"@type":"ListItem","@id":"https:\/\/triciclo.eco.br\/es\/category\/blog\/#listItem","name":"Blog"}},{"@type":"ListItem","@id":"https:\/\/triciclo.eco.br\/es\/category\/blog\/#listItem","position":2,"name":"Blog","item":"https:\/\/triciclo.eco.br\/es\/category\/blog\/","nextItem":{"@type":"ListItem","@id":"https:\/\/triciclo.eco.br\/es\/triciclo-na-innovapack\/#listItem","name":"Triciclo na Innovapack"},"previousItem":{"@type":"ListItem","@id":"https:\/\/triciclo.eco.br\/es#listItem","name":"In\u00edcio"}},{"@type":"ListItem","@id":"https:\/\/triciclo.eco.br\/es\/triciclo-na-innovapack\/#listItem","position":3,"name":"Triciclo na Innovapack","previousItem":{"@type":"ListItem","@id":"https:\/\/triciclo.eco.br\/es\/category\/blog\/#listItem","name":"Blog"}}]},{"@type":"Organization","@id":"https:\/\/triciclo.eco.br\/es\/#organization","name":"Ambipar Triciclo Solu\u00e7\u00f5es Sustent\u00e1veis","description":"Solu\u00e7\u00f5es Sustent\u00e1veis","url":"https:\/\/triciclo.eco.br\/es\/","telephone":"+551134295050","logo":{"@type":"ImageObject","url":"https:\/\/triciclo.eco.br\/wp-content\/uploads\/2023\/08\/Triciclo.jpg","@id":"https:\/\/triciclo.eco.br\/es\/triciclo-na-innovapack\/#organizationLogo","width":113,"height":113},"image":{"@id":"https:\/\/triciclo.eco.br\/es\/triciclo-na-innovapack\/#organizationLogo"},"sameAs":["https:\/\/www.facebook.com\/ambipar.triciclo","https:\/\/twitter.com\/AmbiparTriciclo","https:\/\/www.instagram.com\/triciclo_retornamachine\/","https:\/\/www.youtube.com\/@TricicloSolucoesSustentaveis","https:\/\/www.linkedin.com\/company\/triciclo-solues-sustentveis\/"]},{"@type":"Person","@id":"https:\/\/triciclo.eco.br\/es\/author\/triciclo\/#author","url":"https:\/\/triciclo.eco.br\/es\/author\/triciclo\/","name":"Triciclo","image":{"@type":"ImageObject","@id":"https:\/\/triciclo.eco.br\/es\/triciclo-na-innovapack\/#authorImage","url":"https:\/\/secure.gravatar.com\/avatar\/8031027e39acb0f958577a55663464ac1cd1ffb991a23bf69b3ffbe38b0ecfbf?s=96&d=mm&r=g","width":96,"height":96,"caption":"Triciclo"}},{"@type":"WebPage","@id":"https:\/\/triciclo.eco.br\/es\/triciclo-na-innovapack\/#webpage","url":"https:\/\/triciclo.eco.br\/es\/triciclo-na-innovapack\/","name":"Triciclo na Innovapack - Ambipar Triciclo","description":"Triciclo participa da primeira edi\u00e7\u00e3o da Innovapack A empresa apresentou aos visitantes da feira seu primeiro projeto, a Retorna Machine S\u00e3o Paulo, 29 de agosto de 2016 \u2013 A Triciclo participou da primeira edi\u00e7\u00e3o da Innovapack, \u00fanico evento da Am\u00e9rica Latina focado em design, tend\u00eancias e inova\u00e7\u00e3o para a embalagem final da ind\u00fastria aliment\u00edcia. A feira foi","inLanguage":"es-ES","isPartOf":{"@id":"https:\/\/triciclo.eco.br\/es\/#website"},"breadcrumb":{"@id":"https:\/\/triciclo.eco.br\/es\/triciclo-na-innovapack\/#breadcrumblist"},"author":{"@id":"https:\/\/triciclo.eco.br\/es\/author\/triciclo\/#author"},"creator":{"@id":"https:\/\/triciclo.eco.br\/es\/author\/triciclo\/#author"},"image":{"@type":"ImageObject","url":"https:\/\/triciclo.eco.br\/wp-content\/uploads\/2017\/05\/IMG_6641-e1499714463621.jpg","@id":"https:\/\/triciclo.eco.br\/es\/triciclo-na-innovapack\/#mainImage","width":2448,"height":2448},"primaryImageOfPage":{"@id":"https:\/\/triciclo.eco.br\/es\/triciclo-na-innovapack\/#mainImage"},"datePublished":"2016-08-29T18:50:43-03:00","dateModified":"2016-08-29T18:50:43-03:00"},{"@type":"WebSite","@id":"https:\/\/triciclo.eco.br\/es\/#website","url":"https:\/\/triciclo.eco.br\/es\/","name":"Ambipar Triciclo","alternateName":"Triciclo","description":"Solu\u00e7\u00f5es Sustent\u00e1veis","inLanguage":"es-ES","publisher":{"@id":"https:\/\/triciclo.eco.br\/es\/#organization"}}]},"og:locale":"es_ES","og:site_name":"Ambipar Triciclo - Solu\u00e7\u00f5es Sustent\u00e1veis","og:type":"article","og:title":"Triciclo na Innovapack - Ambipar Triciclo","og:description":"Triciclo participa da primeira edi\u00e7\u00e3o da Innovapack A empresa apresentou aos visitantes da feira seu primeiro projeto, a Retorna Machine S\u00e3o Paulo, 29 de agosto de 2016 \u2013 A Triciclo participou da primeira edi\u00e7\u00e3o da Innovapack, \u00fanico evento da Am\u00e9rica Latina focado em design, tend\u00eancias e inova\u00e7\u00e3o para a embalagem final da ind\u00fastria aliment\u00edcia. A feira foi","og:url":"https:\/\/triciclo.eco.br\/es\/triciclo-na-innovapack\/","og:image":"https:\/\/triciclo.eco.br\/wp-content\/uploads\/2023\/08\/triciclo-logo-1.png","og:image:secure_url":"https:\/\/triciclo.eco.br\/wp-content\/uploads\/2023\/08\/triciclo-logo-1.png","og:image:width":200,"og:image:height":200,"article:published_time":"2016-08-29T18:50:43+00:00","article:modified_time":"2016-08-29T18:50:43+00:00","article:publisher":"https:\/\/www.facebook.com\/ambipar.triciclo","twitter:card":"summary_large_image","twitter:site":"@AmbiparTriciclo","twitter:title":"Triciclo na Innovapack - Ambipar Triciclo","twitter:description":"Triciclo participa da primeira edi\u00e7\u00e3o da Innovapack A empresa apresentou aos visitantes da feira seu primeiro projeto, a Retorna Machine S\u00e3o Paulo, 29 de agosto de 2016 \u2013 A Triciclo participou da primeira edi\u00e7\u00e3o da Innovapack, \u00fanico evento da Am\u00e9rica Latina focado em design, tend\u00eancias e inova\u00e7\u00e3o para a embalagem final da ind\u00fastria aliment\u00edcia. A feira foi","twitter:creator":"@AmbiparTriciclo","twitter:image":"https:\/\/triciclo.eco.br\/wp-content\/uploads\/2023\/08\/Triciclo.jpg"},"aioseo_meta_data":{"post_id":"583","title":null,"description":null,"keywords":null,"keyphrases":null,"primary_term":null,"canonical_url":null,"og_title":null,"og_description":null,"og_object_type":"default","og_image_type":"default","og_image_url":null,"og_image_width":null,"og_image_height":null,"og_image_custom_url":null,"og_image_custom_fields":null,"og_video":null,"og_custom_url":null,"og_article_section":null,"og_article_tags":null,"twitter_use_og":false,"twitter_card":"default","twitter_image_type":"default","twitter_image_url":null,"twitter_image_custom_url":null,"twitter_image_custom_fields":null,"twitter_title":null,"twitter_description":null,"schema":{"blockGraphs":[],"customGraphs":[],"default":{"data":{"Article":[],"Course":[],"Dataset":[],"FAQPage":[],"Movie":[],"Person":[],"Product":[],"ProductReview":[],"Car":[],"Recipe":[],"Service":[],"SoftwareApplication":[],"WebPage":[]},"graphName":"","isEnabled":true},"graphs":[]},"schema_type":"default","schema_type_options":null,"pillar_content":false,"robots_default":true,"robots_noindex":false,"robots_noarchive":false,"robots_nosnippet":false,"robots_nofollow":false,"robots_noimageindex":false,"robots_noodp":false,"robots_notranslate":false,"robots_max_snippet":null,"robots_max_videopreview":null,"robots_max_imagepreview":"large","priority":null,"frequency":null,"local_seo":null,"breadcrumb_settings":null,"limit_modified_date":false,"ai":null,"created":"2023-08-29 17:43:57","updated":"2025-08-01 15:48:10","focus_keyword":null,"additional_keywords":null,"truseo_locale":null,"seo_analyzer_scan_date":null},"aioseo_breadcrumb":"<div class=\"aioseo-breadcrumbs\"><span class=\"aioseo-breadcrumb\">\n\t\t\t<a href=\"https:\/\/triciclo.eco.br\/es\" title=\"In\u00edcio\">In\u00edcio<\/a>\n\t\t<\/span><span class=\"aioseo-breadcrumb-separator\">&raquo;<\/span><span class=\"aioseo-breadcrumb\">\n\t\t\t<a href=\"https:\/\/triciclo.eco.br\/es\/category\/blog\/\" title=\"Blog\">Blog<\/a>\n\t\t<\/span><span class=\"aioseo-breadcrumb-separator\">&raquo;<\/span><span class=\"aioseo-breadcrumb\">\n\t\t\tTriciclo na Innovapack\n\t\t<\/span><\/div>","aioseo_breadcrumb_json":[{"label":"In\u00edcio","link":"https:\/\/triciclo.eco.br\/es"},{"label":"Blog","link":"https:\/\/triciclo.eco.br\/es\/category\/blog\/"},{"label":"Triciclo na Innovapack","link":"https:\/\/triciclo.eco.br\/es\/triciclo-na-innovapack\/"}],"jetpack_sharing_enabled":true,"jetpack_featured_media_url":"https:\/\/triciclo.eco.br\/wp-content\/uploads\/2017\/05\/IMG_6641-e1499714463621.jpg","_links":{"self":[{"href":"https:\/\/triciclo.eco.br\/es\/wp-json\/wp\/v2\/posts\/583","targetHints":{"allow":["GET"]}}],"collection":[{"href":"https:\/\/triciclo.eco.br\/es\/wp-json\/wp\/v2\/posts"}],"about":[{"href":"https:\/\/triciclo.eco.br\/es\/wp-json\/wp\/v2\/types\/post"}],"author":[{"embeddable":true,"href":"https:\/\/triciclo.eco.br\/es\/wp-json\/wp\/v2\/users\/2"}],"replies":[{"embeddable":true,"href":"https:\/\/triciclo.eco.br\/es\/wp-json\/wp\/v2\/comments?post=583"}],"version-history":[{"count":0,"href":"https:\/\/triciclo.eco.br\/es\/wp-json\/wp\/v2\/posts\/583\/revisions"}],"wp:featuredmedia":[{"embeddable":true,"href":"https:\/\/triciclo.eco.br\/es\/wp-json\/wp\/v2\/media\/584"}],"wp:attachment":[{"href":"https:\/\/triciclo.eco.br\/es\/wp-json\/wp\/v2\/media?parent=583"}],"wp:term":[{"taxonomy":"category","embeddable":true,"href":"https:\/\/triciclo.eco.br\/es\/wp-json\/wp\/v2\/categories?post=583"},{"taxonomy":"post_tag","embeddable":true,"href":"https:\/\/triciclo.eco.br\/es\/wp-json\/wp\/v2\/tags?post=583"}],"curies":[{"name":"wp","href":"https:\/\/api.w.org\/{rel}","templated":true}]}}